{"id":15550,"date":"2025-01-29T13:11:25","date_gmt":"2025-01-29T12:11:25","guid":{"rendered":"https:\/\/adixatex.com\/adix-ingenieria-erhaelt-den-preis-exporteur-des-jahres-bei-den-unternehmensverdienstpreisen-von-castilla-la-mancha-2019\/"},"modified":"2025-01-29T15:04:51","modified_gmt":"2025-01-29T14:04:51","slug":"adix-ingenieria-erhaelt-den-preis-exporteur-des-jahres-bei-den-unternehmensverdienstpreisen-von-castilla-la-mancha-2019","status":"publish","type":"post","link":"https:\/\/www2.adixatex.com\/de\/adix-ingenieria-erhaelt-den-preis-exporteur-des-jahres-bei-den-unternehmensverdienstpreisen-von-castilla-la-mancha-2019\/","title":{"rendered":"Adix erh\u00e4lt den Preis \u201eExporteur des Jahres\u201c bei den Unternehmensverdienstpreisen von Castilla-La Mancha 2019"},"content":{"rendered":"<h4>Am Mittwoch, den 11. Dezember, wurde Adix Ingenier\u00eda bei der vierten Ausgabe der MEEM-Preise von Castilla-La Mancha als \u201eExporteur des Jahres\u201c ausgezeichnet.<br \/>\n<!--more--><\/h4>\n<p>Die Preisverleihung fand in Los Y\u00e9benes (Toledo) statt, wo der Gesch\u00e4ftsf\u00fchrer von Adix, Ignacio Garrido, die Auszeichnung aus den H\u00e4nden von Emiliano Garc\u00eda-Page, dem Pr\u00e4sidenten von Castilla-La Mancha, entgegennahm.<\/p>\n<p>W\u00e4hrend der Zeremonie hielt Garrido eine Rede im Namen aller Preistr\u00e4ger und dankte den Institutionen f\u00fcr ihren Einsatz und ihre Unterst\u00fctzung. In seiner Ansprache erw\u00e4hnte er besonders die Familien hinter den Unternehmen und <strong>die wichtige Unterst\u00fctzung,<\/strong> die sie im Alltag leisten. Au\u00dferdem betonte er die Bedeutung des Exports und erkl\u00e4rte: \u201eEs geht nicht darum, ob es uns gef\u00e4llt oder nicht, die Macht der Globalisierung ist so gro\u00df, dass wir uns entweder anpassen oder angepasst werden.\u201c<\/p>\n<p>Dieser Preis stellt eine wertvolle Anerkennung des unternehmerischen Engagements von Adix dar und ist ein Ansporn, weiterhin an der Entwicklung und Verbesserung ihrer Ger\u00e4te und Dienstleistungen f\u00fcr Kunden weltweit zu arbeiten.<\/p>\n<p>&nbsp;<\/p>\n\n\t\t<style type=\"text\/css\">\n\t\t\t#gallery-1 {\n\t\t\t\tmargin: auto;\n\t\t\t}\n\t\t\t#gallery-1 .gallery-item {\n\t\t\t\tfloat: left;\n\t\t\t\tmargin-top: 10px;\n\t\t\t\ttext-align: center;\n\t\t\t\twidth: 50%;\n\t\t\t}\n\t\t\t#gallery-1 img {\n\t\t\t\tborder: 2px solid #cfcfcf;\n\t\t\t}\n\t\t\t#gallery-1 .gallery-caption {\n\t\t\t\tmargin-left: 0;\n\t\t\t}\n\t\t\t\/* see gallery_shortcode() in wp-includes\/media.php *\/\n\t\t<\/style>\n\t\t<div id='gallery-1' class='gallery galleryid-15550 gallery-columns-2 gallery-size-thumbnail'><dl class='gallery-item'>\n\t\t\t<dt class='gallery-icon portrait'>\n\t\t\t\t<img decoding=\"async\" width=\"150\" height=\"150\" src=\"https:\/\/www2.adixatex.com\/wp-content\/uploads\/2020\/11\/Skype_Picture_2019_12_13T10_06_49_543Z-e1576844555545-150x150.jpeg\" class=\"attachment-thumbnail size-thumbnail\" alt=\"Emiliano Garc\u00eda-Page, Pr\u00e4sident von Castilla-La Mancha, und Ignacio Garrido Ceca, Direktor von Adix\" aria-describedby=\"gallery-1-319\" srcset=\"https:\/\/www2.adixatex.com\/wp-content\/uploads\/2020\/11\/Skype_Picture_2019_12_13T10_06_49_543Z-e1576844555545-150x150.jpeg 150w, https:\/\/www2.adixatex.com\/wp-content\/uploads\/2020\/11\/Skype_Picture_2019_12_13T10_06_49_543Z-e1576844555545-scaled-300x300.jpeg 300w, https:\/\/www2.adixatex.com\/wp-content\/uploads\/2020\/11\/Skype_Picture_2019_12_13T10_06_49_543Z-e1576844555545-scaled-100x100.jpeg 100w\" sizes=\"(max-width: 150px) 100vw, 150px\" \/>\n\t\t\t<\/dt>\n\t\t\t\t<dd class='wp-caption-text gallery-caption' id='gallery-1-319'>\n\t\t\t\tEmiliano Garc\u00eda-Page, Pr\u00e4sident von Castilla-La Mancha, und Ignacio Garrido Ceca, Direktor von Adix\n\t\t\t\t<\/dd><\/dl><dl class='gallery-item'>\n\t\t\t<dt class='gallery-icon portrait'>\n\t\t\t\t<img decoding=\"async\" width=\"150\" height=\"150\" src=\"https:\/\/www2.adixatex.com\/wp-content\/uploads\/2020\/11\/Skype_Picture_2019_12_13T10_06_41_313Z-e1576844537561-150x150.jpeg\" class=\"attachment-thumbnail size-thumbnail\" alt=\"Adix zusammen mit Patricia Franco\" aria-describedby=\"gallery-1-311\" srcset=\"https:\/\/www2.adixatex.com\/wp-content\/uploads\/2020\/11\/Skype_Picture_2019_12_13T10_06_41_313Z-e1576844537561-150x150.jpeg 150w, https:\/\/www2.adixatex.com\/wp-content\/uploads\/2020\/11\/Skype_Picture_2019_12_13T10_06_41_313Z-e1576844537561-scaled-300x300.jpeg 300w, https:\/\/www2.adixatex.com\/wp-content\/uploads\/2020\/11\/Skype_Picture_2019_12_13T10_06_41_313Z-e1576844537561-scaled-100x100.jpeg 100w\" sizes=\"(max-width: 150px) 100vw, 150px\" \/>\n\t\t\t<\/dt>\n\t\t\t\t<dd class='wp-caption-text gallery-caption' id='gallery-1-311'>\n\t\t\t\tAdix zusammen mit Patricia Franco\n\t\t\t\t<\/dd><\/dl><br style=\"clear: both\" \/><dl class='gallery-item'>\n\t\t\t<dt class='gallery-icon landscape'>\n\t\t\t\t<img decoding=\"async\" width=\"150\" height=\"150\" src=\"https:\/\/www2.adixatex.com\/wp-content\/uploads\/2020\/11\/49205577077_9b08c5289e_o-150x150.jpg\" class=\"attachment-thumbnail size-thumbnail\" alt=\"Das Adix-Team und Emiliano Garc\u00eda-Page\" aria-describedby=\"gallery-1-303\" srcset=\"https:\/\/www2.adixatex.com\/wp-content\/uploads\/2020\/11\/49205577077_9b08c5289e_o-150x150.jpg 150w, https:\/\/www2.adixatex.com\/wp-content\/uploads\/2020\/11\/49205577077_9b08c5289e_o-scaled-300x300.jpg 300w, https:\/\/www2.adixatex.com\/wp-content\/uploads\/2020\/11\/49205577077_9b08c5289e_o-scaled-100x100.jpg 100w\" sizes=\"(max-width: 150px) 100vw, 150px\" \/>\n\t\t\t<\/dt>\n\t\t\t\t<dd class='wp-caption-text gallery-caption' id='gallery-1-303'>\n\t\t\t\tDas Adix-Team und Emiliano Garc\u00eda-Page\n\t\t\t\t<\/dd><\/dl><dl class='gallery-item'>\n\t\t\t<dt class='gallery-icon landscape'>\n\t\t\t\t<img loading=\"lazy\" decoding=\"async\" width=\"150\" height=\"150\" src=\"https:\/\/www2.adixatex.com\/wp-content\/uploads\/2020\/11\/49205212557_f121a8119c_o-150x150.jpg\" class=\"attachment-thumbnail size-thumbnail\" alt=\"Auftritt bei den MEEM-Preisen 2019\" aria-describedby=\"gallery-1-295\" srcset=\"https:\/\/www2.adixatex.com\/wp-content\/uploads\/2020\/11\/49205212557_f121a8119c_o-150x150.jpg 150w, https:\/\/www2.adixatex.com\/wp-content\/uploads\/2020\/11\/49205212557_f121a8119c_o-scaled-300x300.jpg 300w, https:\/\/www2.adixatex.com\/wp-content\/uploads\/2020\/11\/49205212557_f121a8119c_o-scaled-100x100.jpg 100w\" sizes=\"(max-width: 150px) 100vw, 150px\" \/>\n\t\t\t<\/dt>\n\t\t\t\t<dd class='wp-caption-text gallery-caption' id='gallery-1-295'>\n\t\t\t\tAuftritt bei den MEEM-Preisen 2019\n\t\t\t\t<\/dd><\/dl><br style=\"clear: both\" \/><dl class='gallery-item'>\n\t\t\t<dt class='gallery-icon landscape'>\n\t\t\t\t<img loading=\"lazy\" decoding=\"async\" width=\"150\" height=\"150\" src=\"https:\/\/www2.adixatex.com\/wp-content\/uploads\/2020\/11\/49204512733_9053a6946c_o-150x150.jpg\" class=\"attachment-thumbnail size-thumbnail\" alt=\"Ignacio Garrido bei den MEEM-Preisen 2019\" aria-describedby=\"gallery-1-287\" srcset=\"https:\/\/www2.adixatex.com\/wp-content\/uploads\/2020\/11\/49204512733_9053a6946c_o-150x150.jpg 150w, https:\/\/www2.adixatex.com\/wp-content\/uploads\/2020\/11\/49204512733_9053a6946c_o-scaled-300x300.jpg 300w, https:\/\/www2.adixatex.com\/wp-content\/uploads\/2020\/11\/49204512733_9053a6946c_o-scaled-100x100.jpg 100w\" sizes=\"(max-width: 150px) 100vw, 150px\" \/>\n\t\t\t<\/dt>\n\t\t\t\t<dd class='wp-caption-text gallery-caption' id='gallery-1-287'>\n\t\t\t\tIgnacio Garrido bei den MEEM-Preisen 2019\n\t\t\t\t<\/dd><\/dl>\n\t\t\t<br style='clear: both' \/>\n\t\t<\/div>\n\n<p><strong>Verwandte Nachrichten:<\/strong><br \/>\nwww.encastillalamancha.es<br \/>\nwww.europapress.es<br \/>\nwww.entomelloso.com<\/p>\n<p>&nbsp;<\/p>\n","protected":false},"excerpt":{"rendered":"<p>Am Mittwoch, den 11. Dezember, wurde Adix Ingenier\u00eda bei der vierten Ausgabe der MEEM-Preise von Castilla-La Mancha als \u201eExporteur des Jahres\u201c ausgezeichnet.<\/p>\n","protected":false},"author":18,"featured_media":503,"comment_status":"open","ping_status":"open","sticky":false,"template":"","format":"standard","meta":{"footnotes":""},"categories":[2267],"tags":[2268],"class_list":["post-15550","post","type-post","status-publish","format-standard","has-post-thumbnail","hentry","category-blog-de","tag-noticias-de-industria-de"],"yoast_head":"<!-- This site is optimized with the Yoast SEO plugin v24.4 - https:\/\/yoast.com\/wordpress\/plugins\/seo\/ -->\n<title>Adix erh\u00e4lt den Preis \u201eExporteur des Jahres\u201c bei den Unternehmensverdienstpreisen von Castilla-La Mancha 2019 - Adixatex<\/title>\n<meta name=\"description\" content=\"Adix Ingenier\u00eda erh\u00e4lt den Preis \u201eExporteur des Jahres\u201c bei den Unternehmensverdienstpreisen von Castilla-La Mancha 2019\" \/>\n<meta name=\"robots\" content=\"noindex, follow, max-snippet:-1, max-image-preview:large, max-video-preview:-1\" \/>\n<meta property=\"og:locale\" content=\"de_DE\" \/>\n<meta property=\"og:type\" content=\"article\" \/>\n<meta property=\"og:title\" content=\"Adix erh\u00e4lt den Preis \u201eExporteur des Jahres\u201c bei den Unternehmensverdienstpreisen von Castilla-La Mancha 2019 - Adixatex\" \/>\n<meta property=\"og:description\" content=\"Adix Ingenier\u00eda erh\u00e4lt den Preis \u201eExporteur des Jahres\u201c bei den Unternehmensverdienstpreisen von Castilla-La Mancha 2019\" \/>\n<meta property=\"og:url\" content=\"https:\/\/www2.adixatex.com\/de\/adix-ingenieria-erhaelt-den-preis-exporteur-des-jahres-bei-den-unternehmensverdienstpreisen-von-castilla-la-mancha-2019\/\" \/>\n<meta property=\"og:site_name\" content=\"Adixatex\" \/>\n<meta property=\"article:published_time\" content=\"2025-01-29T12:11:25+00:00\" \/>\n<meta property=\"article:modified_time\" content=\"2025-01-29T14:04:51+00:00\" \/>\n<meta property=\"og:image\" content=\"https:\/\/www2.adixatex.com\/wp-content\/uploads\/2020\/11\/49204516068_1b2a3aaebe_o-1-scaled.jpg\" \/>\n\t<meta property=\"og:image:width\" content=\"2560\" \/>\n\t<meta property=\"og:image:height\" content=\"1709\" \/>\n\t<meta property=\"og:image:type\" content=\"image\/jpeg\" \/>\n<meta name=\"author\" content=\"Natalia Herv\u00e1s\" \/>\n<meta name=\"twitter:card\" content=\"summary_large_image\" \/>\n<meta name=\"twitter:creator\" content=\"@adixprotection\" \/>\n<meta name=\"twitter:site\" content=\"@adixprotection\" \/>\n<meta name=\"twitter:label1\" content=\"Verfasst von\" \/>\n\t<meta name=\"twitter:data1\" content=\"Natalia Herv\u00e1s\" \/>\n\t<meta name=\"twitter:label2\" content=\"Gesch\u00e4tzte Lesezeit\" \/>\n\t<meta name=\"twitter:data2\" content=\"1\u00a0Minute\" \/>\n<script type=\"application\/ld+json\" class=\"yoast-schema-graph\">{\"@context\":\"https:\/\/schema.org\",\"@graph\":[{\"@type\":\"WebPage\",\"@id\":\"https:\/\/www2.adixatex.com\/de\/adix-ingenieria-erhaelt-den-preis-exporteur-des-jahres-bei-den-unternehmensverdienstpreisen-von-castilla-la-mancha-2019\/\",\"url\":\"https:\/\/www2.adixatex.com\/de\/adix-ingenieria-erhaelt-den-preis-exporteur-des-jahres-bei-den-unternehmensverdienstpreisen-von-castilla-la-mancha-2019\/\",\"name\":\"Adix erh\u00e4lt den Preis \u201eExporteur des Jahres\u201c bei den Unternehmensverdienstpreisen von Castilla-La Mancha 2019 - Adixatex\",\"isPartOf\":{\"@id\":\"https:\/\/www2.adixatex.com\/#website\"},\"primaryImageOfPage\":{\"@id\":\"https:\/\/www2.adixatex.com\/de\/adix-ingenieria-erhaelt-den-preis-exporteur-des-jahres-bei-den-unternehmensverdienstpreisen-von-castilla-la-mancha-2019\/#primaryimage\"},\"image\":{\"@id\":\"https:\/\/www2.adixatex.com\/de\/adix-ingenieria-erhaelt-den-preis-exporteur-des-jahres-bei-den-unternehmensverdienstpreisen-von-castilla-la-mancha-2019\/#primaryimage\"},\"thumbnailUrl\":\"https:\/\/www2.adixatex.com\/wp-content\/uploads\/2020\/11\/49204516068_1b2a3aaebe_o-1-scaled.jpg\",\"datePublished\":\"2025-01-29T12:11:25+00:00\",\"dateModified\":\"2025-01-29T14:04:51+00:00\",\"author\":{\"@id\":\"https:\/\/www2.adixatex.com\/#\/schema\/person\/0eae078a461bebc9bb298462de95d637\"},\"description\":\"Adix Ingenier\u00eda erh\u00e4lt den Preis \u201eExporteur des Jahres\u201c bei den Unternehmensverdienstpreisen von Castilla-La Mancha 2019\",\"breadcrumb\":{\"@id\":\"https:\/\/www2.adixatex.com\/de\/adix-ingenieria-erhaelt-den-preis-exporteur-des-jahres-bei-den-unternehmensverdienstpreisen-von-castilla-la-mancha-2019\/#breadcrumb\"},\"inLanguage\":\"de\",\"potentialAction\":[{\"@type\":\"ReadAction\",\"target\":[\"https:\/\/www2.adixatex.com\/de\/adix-ingenieria-erhaelt-den-preis-exporteur-des-jahres-bei-den-unternehmensverdienstpreisen-von-castilla-la-mancha-2019\/\"]}]},{\"@type\":\"ImageObject\",\"inLanguage\":\"de\",\"@id\":\"https:\/\/www2.adixatex.com\/de\/adix-ingenieria-erhaelt-den-preis-exporteur-des-jahres-bei-den-unternehmensverdienstpreisen-von-castilla-la-mancha-2019\/#primaryimage\",\"url\":\"https:\/\/www2.adixatex.com\/wp-content\/uploads\/2020\/11\/49204516068_1b2a3aaebe_o-1-scaled.jpg\",\"contentUrl\":\"https:\/\/www2.adixatex.com\/wp-content\/uploads\/2020\/11\/49204516068_1b2a3aaebe_o-1-scaled.jpg\",\"width\":2560,\"height\":1709,\"caption\":\"Preis f\u00fcr unternehmerische Verdienste 2019\"},{\"@type\":\"BreadcrumbList\",\"@id\":\"https:\/\/www2.adixatex.com\/de\/adix-ingenieria-erhaelt-den-preis-exporteur-des-jahres-bei-den-unternehmensverdienstpreisen-von-castilla-la-mancha-2019\/#breadcrumb\",\"itemListElement\":[{\"@type\":\"ListItem\",\"position\":1,\"name\":\"Startseite\",\"item\":\"https:\/\/www2.adixatex.com\/\"},{\"@type\":\"ListItem\",\"position\":2,\"name\":\"Adix erh\u00e4lt den Preis \u201eExporteur des Jahres\u201c bei den Unternehmensverdienstpreisen von Castilla-La Mancha 2019\"}]},{\"@type\":\"WebSite\",\"@id\":\"https:\/\/www2.adixatex.com\/#website\",\"url\":\"https:\/\/www2.adixatex.com\/\",\"name\":\"Adixatex\",\"description\":\"Prevenci\u00f3n y protecci\u00f3n de atm\u00f3sferas explosivas\",\"inLanguage\":\"de\"},{\"@type\":\"Person\",\"@id\":\"https:\/\/www2.adixatex.com\/#\/schema\/person\/0eae078a461bebc9bb298462de95d637\",\"name\":\"Natalia Herv\u00e1s\",\"image\":{\"@type\":\"ImageObject\",\"inLanguage\":\"de\",\"@id\":\"https:\/\/www2.adixatex.com\/#\/schema\/person\/image\/\",\"url\":\"https:\/\/secure.gravatar.com\/avatar\/6f01c4e7b3efca647d45e75d2bed9993?s=96&d=mm&r=g\",\"contentUrl\":\"https:\/\/secure.gravatar.com\/avatar\/6f01c4e7b3efca647d45e75d2bed9993?s=96&d=mm&r=g\",\"caption\":\"Natalia Herv\u00e1s\"},\"url\":\"https:\/\/www2.adixatex.com\/de\/author\/natalia-hervas\/\"}]}<\/script>\n<!-- \/ Yoast SEO plugin. -->","yoast_head_json":{"title":"Adix erh\u00e4lt den Preis \u201eExporteur des Jahres\u201c bei den Unternehmensverdienstpreisen von Castilla-La Mancha 2019 - Adixatex","description":"Adix Ingenier\u00eda erh\u00e4lt den Preis \u201eExporteur des Jahres\u201c bei den Unternehmensverdienstpreisen von Castilla-La Mancha 2019","robots":{"index":"noindex","follow":"follow","max-snippet":"max-snippet:-1","max-image-preview":"max-image-preview:large","max-video-preview":"max-video-preview:-1"},"og_locale":"de_DE","og_type":"article","og_title":"Adix erh\u00e4lt den Preis \u201eExporteur des Jahres\u201c bei den Unternehmensverdienstpreisen von Castilla-La Mancha 2019 - Adixatex","og_description":"Adix Ingenier\u00eda erh\u00e4lt den Preis \u201eExporteur des Jahres\u201c bei den Unternehmensverdienstpreisen von Castilla-La Mancha 2019","og_url":"https:\/\/www2.adixatex.com\/de\/adix-ingenieria-erhaelt-den-preis-exporteur-des-jahres-bei-den-unternehmensverdienstpreisen-von-castilla-la-mancha-2019\/","og_site_name":"Adixatex","article_published_time":"2025-01-29T12:11:25+00:00","article_modified_time":"2025-01-29T14:04:51+00:00","og_image":[{"width":2560,"height":1709,"url":"https:\/\/www2.adixatex.com\/wp-content\/uploads\/2020\/11\/49204516068_1b2a3aaebe_o-1-scaled.jpg","type":"image\/jpeg"}],"author":"Natalia Herv\u00e1s","twitter_card":"summary_large_image","twitter_creator":"@adixprotection","twitter_site":"@adixprotection","twitter_misc":{"Verfasst von":"Natalia Herv\u00e1s","Gesch\u00e4tzte Lesezeit":"1\u00a0Minute"},"schema":{"@context":"https:\/\/schema.org","@graph":[{"@type":"WebPage","@id":"https:\/\/www2.adixatex.com\/de\/adix-ingenieria-erhaelt-den-preis-exporteur-des-jahres-bei-den-unternehmensverdienstpreisen-von-castilla-la-mancha-2019\/","url":"https:\/\/www2.adixatex.com\/de\/adix-ingenieria-erhaelt-den-preis-exporteur-des-jahres-bei-den-unternehmensverdienstpreisen-von-castilla-la-mancha-2019\/","name":"Adix erh\u00e4lt den Preis \u201eExporteur des Jahres\u201c bei den Unternehmensverdienstpreisen von Castilla-La Mancha 2019 - Adixatex","isPartOf":{"@id":"https:\/\/www2.adixatex.com\/#website"},"primaryImageOfPage":{"@id":"https:\/\/www2.adixatex.com\/de\/adix-ingenieria-erhaelt-den-preis-exporteur-des-jahres-bei-den-unternehmensverdienstpreisen-von-castilla-la-mancha-2019\/#primaryimage"},"image":{"@id":"https:\/\/www2.adixatex.com\/de\/adix-ingenieria-erhaelt-den-preis-exporteur-des-jahres-bei-den-unternehmensverdienstpreisen-von-castilla-la-mancha-2019\/#primaryimage"},"thumbnailUrl":"https:\/\/www2.adixatex.com\/wp-content\/uploads\/2020\/11\/49204516068_1b2a3aaebe_o-1-scaled.jpg","datePublished":"2025-01-29T12:11:25+00:00","dateModified":"2025-01-29T14:04:51+00:00","author":{"@id":"https:\/\/www2.adixatex.com\/#\/schema\/person\/0eae078a461bebc9bb298462de95d637"},"description":"Adix Ingenier\u00eda erh\u00e4lt den Preis \u201eExporteur des Jahres\u201c bei den Unternehmensverdienstpreisen von Castilla-La Mancha 2019","breadcrumb":{"@id":"https:\/\/www2.adixatex.com\/de\/adix-ingenieria-erhaelt-den-preis-exporteur-des-jahres-bei-den-unternehmensverdienstpreisen-von-castilla-la-mancha-2019\/#breadcrumb"},"inLanguage":"de","potentialAction":[{"@type":"ReadAction","target":["https:\/\/www2.adixatex.com\/de\/adix-ingenieria-erhaelt-den-preis-exporteur-des-jahres-bei-den-unternehmensverdienstpreisen-von-castilla-la-mancha-2019\/"]}]},{"@type":"ImageObject","inLanguage":"de","@id":"https:\/\/www2.adixatex.com\/de\/adix-ingenieria-erhaelt-den-preis-exporteur-des-jahres-bei-den-unternehmensverdienstpreisen-von-castilla-la-mancha-2019\/#primaryimage","url":"https:\/\/www2.adixatex.com\/wp-content\/uploads\/2020\/11\/49204516068_1b2a3aaebe_o-1-scaled.jpg","contentUrl":"https:\/\/www2.adixatex.com\/wp-content\/uploads\/2020\/11\/49204516068_1b2a3aaebe_o-1-scaled.jpg","width":2560,"height":1709,"caption":"Preis f\u00fcr unternehmerische Verdienste 2019"},{"@type":"BreadcrumbList","@id":"https:\/\/www2.adixatex.com\/de\/adix-ingenieria-erhaelt-den-preis-exporteur-des-jahres-bei-den-unternehmensverdienstpreisen-von-castilla-la-mancha-2019\/#breadcrumb","itemListElement":[{"@type":"ListItem","position":1,"name":"Startseite","item":"https:\/\/www2.adixatex.com\/"},{"@type":"ListItem","position":2,"name":"Adix erh\u00e4lt den Preis \u201eExporteur des Jahres\u201c bei den Unternehmensverdienstpreisen von Castilla-La Mancha 2019"}]},{"@type":"WebSite","@id":"https:\/\/www2.adixatex.com\/#website","url":"https:\/\/www2.adixatex.com\/","name":"Adixatex","description":"Prevenci\u00f3n y protecci\u00f3n de atm\u00f3sferas explosivas","inLanguage":"de"},{"@type":"Person","@id":"https:\/\/www2.adixatex.com\/#\/schema\/person\/0eae078a461bebc9bb298462de95d637","name":"Natalia Herv\u00e1s","image":{"@type":"ImageObject","inLanguage":"de","@id":"https:\/\/www2.adixatex.com\/#\/schema\/person\/image\/","url":"https:\/\/secure.gravatar.com\/avatar\/6f01c4e7b3efca647d45e75d2bed9993?s=96&d=mm&r=g","contentUrl":"https:\/\/secure.gravatar.com\/avatar\/6f01c4e7b3efca647d45e75d2bed9993?s=96&d=mm&r=g","caption":"Natalia Herv\u00e1s"},"url":"https:\/\/www2.adixatex.com\/de\/author\/natalia-hervas\/"}]}},"_links":{"self":[{"href":"https:\/\/www2.adixatex.com\/de\/wp-json\/wp\/v2\/posts\/15550","targetHints":{"allow":["GET"]}}],"collection":[{"href":"https:\/\/www2.adixatex.com\/de\/wp-json\/wp\/v2\/posts"}],"about":[{"href":"https:\/\/www2.adixatex.com\/de\/wp-json\/wp\/v2\/types\/post"}],"author":[{"embeddable":true,"href":"https:\/\/www2.adixatex.com\/de\/wp-json\/wp\/v2\/users\/18"}],"replies":[{"embeddable":true,"href":"https:\/\/www2.adixatex.com\/de\/wp-json\/wp\/v2\/comments?post=15550"}],"version-history":[{"count":1,"href":"https:\/\/www2.adixatex.com\/de\/wp-json\/wp\/v2\/posts\/15550\/revisions"}],"predecessor-version":[{"id":15581,"href":"https:\/\/www2.adixatex.com\/de\/wp-json\/wp\/v2\/posts\/15550\/revisions\/15581"}],"wp:featuredmedia":[{"embeddable":true,"href":"https:\/\/www2.adixatex.com\/de\/wp-json\/wp\/v2\/media\/503"}],"wp:attachment":[{"href":"https:\/\/www2.adixatex.com\/de\/wp-json\/wp\/v2\/media?parent=15550"}],"wp:term":[{"taxonomy":"category","embeddable":true,"href":"https:\/\/www2.adixatex.com\/de\/wp-json\/wp\/v2\/categories?post=15550"},{"taxonomy":"post_tag","embeddable":true,"href":"https:\/\/www2.adixatex.com\/de\/wp-json\/wp\/v2\/tags?post=15550"}],"curies":[{"name":"wp","href":"https:\/\/api.w.org\/{rel}","templated":true}]}}