{"id":15240,"date":"2019-11-11T07:47:27","date_gmt":"2019-11-11T06:47:27","guid":{"rendered":"https:\/\/adixatex.com\/adix-ingenieria-is-awarded-as-exporting-company-of-the-year-at-the-2019-castilla-la-mancha-business-merit-awards\/"},"modified":"2025-01-29T14:46:59","modified_gmt":"2025-01-29T13:46:59","slug":"adix-ingenieria-is-awarded-as-exporting-company-of-the-year-at-the-2019-castilla-la-mancha-business-merit-awards","status":"publish","type":"post","link":"https:\/\/www2.adixatex.com\/en-id\/adix-ingenieria-is-awarded-as-exporting-company-of-the-year-at-the-2019-castilla-la-mancha-business-merit-awards\/","title":{"rendered":"Adix is awarded as &#8216;Exporter of the Year&#8217; at the 2019 Castilla-La Mancha Business Merit Awards"},"content":{"rendered":"<h4><strong>This wednesday, december 11th, Adix has been awarded as &#8216;Exporter of the Year&#8217; in the IV Edition of the Castilla-La Mancha Business Merit Awards <\/strong><\/h4>\n<p><!--more--><\/p>\n<p>The awards ceremony took place in Los Y\u00e9benes (Toledo), where the Adix&#8217;s CEO, Ignacio Garrido, received the recognition from Emiliano Garc\u00eda-Page, president of Castilla-La Mancha.<\/p>\n<p>During the event, Ignacio Garrido spoke on behalf of the winners and thanked the institutions for their efforts and support. In his speech, he had a special mention for the families behind the companies and the important support they provide on a daily basis. He also wanted to highlight the importance of exporting, mentioning that &#8220;it is not that we like it or not, it is that the power of globalization is such that either we adapt or they adapt us.&#8221;<\/p>\n<p>This award is a recognition of Adix&#8217;s entrepreneurial efforts and an incentive to continue working, developing and improving our products and services for our clients around the world.<\/p>\n<p>&nbsp;<\/p>\n\n\t\t<style type=\"text\/css\">\n\t\t\t#gallery-1 {\n\t\t\t\tmargin: auto;\n\t\t\t}\n\t\t\t#gallery-1 .gallery-item {\n\t\t\t\tfloat: left;\n\t\t\t\tmargin-top: 10px;\n\t\t\t\ttext-align: center;\n\t\t\t\twidth: 33%;\n\t\t\t}\n\t\t\t#gallery-1 img {\n\t\t\t\tborder: 2px solid #cfcfcf;\n\t\t\t}\n\t\t\t#gallery-1 .gallery-caption {\n\t\t\t\tmargin-left: 0;\n\t\t\t}\n\t\t\t\/* see gallery_shortcode() in wp-includes\/media.php *\/\n\t\t<\/style>\n\t\t<div id='gallery-1' class='gallery galleryid-15240 gallery-columns-3 gallery-size-thumbnail'><dl class='gallery-item'>\n\t\t\t<dt class='gallery-icon portrait'>\n\t\t\t\t<img decoding=\"async\" width=\"150\" height=\"150\" src=\"https:\/\/www2.adixatex.com\/wp-content\/uploads\/2020\/11\/Skype_Picture_2019_12_13T10_06_49_543Z-e1576844555545-scaled-150x150.jpeg\" class=\"attachment-thumbnail size-thumbnail\" alt=\"Emiliano Garc\u00eda-Page, president of CLM, and Ignacio Garrido, Adix Ingenier\u00eda&#039;s CEO\" aria-describedby=\"gallery-1-14811\" srcset=\"https:\/\/www2.adixatex.com\/wp-content\/uploads\/2020\/11\/Skype_Picture_2019_12_13T10_06_49_543Z-e1576844555545-scaled-150x150.jpeg 150w, https:\/\/www2.adixatex.com\/wp-content\/uploads\/2020\/11\/Skype_Picture_2019_12_13T10_06_49_543Z-e1576844555545-scaled-300x300.jpeg 300w, https:\/\/www2.adixatex.com\/wp-content\/uploads\/2020\/11\/Skype_Picture_2019_12_13T10_06_49_543Z-e1576844555545-scaled-100x100.jpeg 100w\" sizes=\"(max-width: 150px) 100vw, 150px\" \/>\n\t\t\t<\/dt>\n\t\t\t\t<dd class='wp-caption-text gallery-caption' id='gallery-1-14811'>\n\t\t\t\tEmiliano Garc\u00eda-Page, president of CLM, and Ignacio Garrido, Adix Ingenier\u00eda&#8217;s CEO\n\t\t\t\t<\/dd><\/dl><dl class='gallery-item'>\n\t\t\t<dt class='gallery-icon portrait'>\n\t\t\t\t<img decoding=\"async\" width=\"150\" height=\"150\" src=\"https:\/\/www2.adixatex.com\/wp-content\/uploads\/2020\/11\/Skype_Picture_2019_12_13T10_06_41_313Z-e1576844537561-scaled-150x150.jpeg\" class=\"attachment-thumbnail size-thumbnail\" alt=\"Adix Ingenier\u00eda team with Patricia Franco, counselor of Economy, Business and Employment of CLM\" aria-describedby=\"gallery-1-14814\" srcset=\"https:\/\/www2.adixatex.com\/wp-content\/uploads\/2020\/11\/Skype_Picture_2019_12_13T10_06_41_313Z-e1576844537561-scaled-150x150.jpeg 150w, https:\/\/www2.adixatex.com\/wp-content\/uploads\/2020\/11\/Skype_Picture_2019_12_13T10_06_41_313Z-e1576844537561-scaled-300x300.jpeg 300w, https:\/\/www2.adixatex.com\/wp-content\/uploads\/2020\/11\/Skype_Picture_2019_12_13T10_06_41_313Z-e1576844537561-scaled-100x100.jpeg 100w\" sizes=\"(max-width: 150px) 100vw, 150px\" \/>\n\t\t\t<\/dt>\n\t\t\t\t<dd class='wp-caption-text gallery-caption' id='gallery-1-14814'>\n\t\t\t\tAdix Ingenier\u00eda team with Patricia Franco, counselor of Economy, Business and Employment of CLM\n\t\t\t\t<\/dd><\/dl><dl class='gallery-item'>\n\t\t\t<dt class='gallery-icon landscape'>\n\t\t\t\t<img decoding=\"async\" width=\"150\" height=\"150\" src=\"https:\/\/www2.adixatex.com\/wp-content\/uploads\/2020\/11\/49205577077_9b08c5289e_o-scaled-150x150.jpg\" class=\"attachment-thumbnail size-thumbnail\" alt=\"Adix Ingenier\u00eda team and Emiliano Garc\u00eda-Page\" aria-describedby=\"gallery-1-14819\" srcset=\"https:\/\/www2.adixatex.com\/wp-content\/uploads\/2020\/11\/49205577077_9b08c5289e_o-scaled-150x150.jpg 150w, https:\/\/www2.adixatex.com\/wp-content\/uploads\/2020\/11\/49205577077_9b08c5289e_o-scaled-300x300.jpg 300w, https:\/\/www2.adixatex.com\/wp-content\/uploads\/2020\/11\/49205577077_9b08c5289e_o-scaled-100x100.jpg 100w\" sizes=\"(max-width: 150px) 100vw, 150px\" \/>\n\t\t\t<\/dt>\n\t\t\t\t<dd class='wp-caption-text gallery-caption' id='gallery-1-14819'>\n\t\t\t\tAdix Ingenier\u00eda team and Emiliano Garc\u00eda-Page\n\t\t\t\t<\/dd><\/dl><br style=\"clear: both\" \/><dl class='gallery-item'>\n\t\t\t<dt class='gallery-icon landscape'>\n\t\t\t\t<img loading=\"lazy\" decoding=\"async\" width=\"150\" height=\"150\" src=\"https:\/\/www2.adixatex.com\/wp-content\/uploads\/2020\/11\/49205212557_f121a8119c_o-scaled-150x150.jpg\" class=\"attachment-thumbnail size-thumbnail\" alt=\"Musical performance during the IV Edition of the CLM MEEM Awards\" aria-describedby=\"gallery-1-14821\" srcset=\"https:\/\/www2.adixatex.com\/wp-content\/uploads\/2020\/11\/49205212557_f121a8119c_o-scaled-150x150.jpg 150w, https:\/\/www2.adixatex.com\/wp-content\/uploads\/2020\/11\/49205212557_f121a8119c_o-scaled-300x300.jpg 300w, https:\/\/www2.adixatex.com\/wp-content\/uploads\/2020\/11\/49205212557_f121a8119c_o-scaled-100x100.jpg 100w\" sizes=\"(max-width: 150px) 100vw, 150px\" \/>\n\t\t\t<\/dt>\n\t\t\t\t<dd class='wp-caption-text gallery-caption' id='gallery-1-14821'>\n\t\t\t\tMusical performance during the IV Edition of the CLM MEEM Awards\n\t\t\t\t<\/dd><\/dl><dl class='gallery-item'>\n\t\t\t<dt class='gallery-icon landscape'>\n\t\t\t\t<img loading=\"lazy\" decoding=\"async\" width=\"150\" height=\"150\" src=\"https:\/\/www2.adixatex.com\/wp-content\/uploads\/2020\/11\/49204512733_9053a6946c_o-scaled-150x150.jpg\" class=\"attachment-thumbnail size-thumbnail\" alt=\"Ignacio Garrido at the MEEM Awards\" aria-describedby=\"gallery-1-14824\" srcset=\"https:\/\/www2.adixatex.com\/wp-content\/uploads\/2020\/11\/49204512733_9053a6946c_o-scaled-150x150.jpg 150w, https:\/\/www2.adixatex.com\/wp-content\/uploads\/2020\/11\/49204512733_9053a6946c_o-scaled-300x300.jpg 300w, https:\/\/www2.adixatex.com\/wp-content\/uploads\/2020\/11\/49204512733_9053a6946c_o-scaled-100x100.jpg 100w\" sizes=\"(max-width: 150px) 100vw, 150px\" \/>\n\t\t\t<\/dt>\n\t\t\t\t<dd class='wp-caption-text gallery-caption' id='gallery-1-14824'>\n\t\t\t\tIgnacio Garrido at the MEEM Awards \n\t\t\t\t<\/dd><\/dl>\n\t\t\t<br style='clear: both' \/>\n\t\t<\/div>\n\n<p><em><strong>More information in the media:\u00a0<\/strong><\/em><\/p>\n<p><a href=\"https:\/\/www.encastillalamancha.es\/economia\/adix-bio-unicorn-incarlopsa-o-joma-recogen-los-premios-al-merito-empresarial-de-clm\/\">www.encastillalamancha.es<\/a><\/p>\n<p><a href=\"https:\/\/www.europapress.es\/castilla-lamancha\/noticia-adix-bio-unicorn-incarlopsa-plastipak-sembrador-dsv-joma-recogen-premios-merito-empresarial-lm-20191211224827.html\">www.europapress.es<\/a><\/p>\n<p><a href=\"https:\/\/entomelloso.com\/clm\/adix-bio-unicorn-incarlopsa-plastipak-el-sembrador-dsv-o-joma-recogen-los-premios-al-merito-empresarial\/\">www.entomelloso.com<\/a><\/p>\n","protected":false},"excerpt":{"rendered":"<p>This wednesday, december 11th, Adix has been awarded as &#8216;Exporter of the Year&#8217; in the IV Edition of the Castilla-La Mancha Business Merit Awards<\/p>\n","protected":false},"author":18,"featured_media":15123,"comment_status":"open","ping_status":"open","sticky":false,"template":"","format":"standard","meta":{"footnotes":""},"categories":[2244],"tags":[2249],"class_list":["post-15240","post","type-post","status-publish","format-standard","has-post-thumbnail","hentry","category-blog-en-id","tag-industry-news-en-id-2"],"yoast_head":"<!-- This site is optimized with the Yoast SEO plugin v24.4 - https:\/\/yoast.com\/wordpress\/plugins\/seo\/ -->\n<title>Adix is awarded as &#039;Exporter of the Year&#039; at the 2019 Castilla-La Mancha Business Merit Awards - Adixatex<\/title>\n<meta name=\"description\" content=\"Adix Ingenier\u00eda is awarded as &#039;Exporter of the Year&#039; at the 2019 Castilla-La Mancha Business Merit Awards\" \/>\n<meta name=\"robots\" content=\"noindex, follow, max-snippet:-1, max-image-preview:large, max-video-preview:-1\" \/>\n<meta property=\"og:locale\" content=\"en_US\" \/>\n<meta property=\"og:type\" content=\"article\" \/>\n<meta property=\"og:title\" content=\"Adix is awarded as &#039;Exporter of the Year&#039; at the 2019 Castilla-La Mancha Business Merit Awards - Adixatex\" \/>\n<meta property=\"og:description\" content=\"Adix Ingenier\u00eda is awarded as &#039;Exporter of the Year&#039; at the 2019 Castilla-La Mancha Business Merit Awards\" \/>\n<meta property=\"og:url\" content=\"https:\/\/www2.adixatex.com\/adix-ingenieria-recibe-el-galardon-a-empresa-exportadora-en-los-premios-al-merito-empresarial-de-castilla-la-mancha-2019\/\" \/>\n<meta property=\"og:site_name\" content=\"Adixatex\" \/>\n<meta property=\"article:published_time\" content=\"2019-11-11T06:47:27+00:00\" \/>\n<meta property=\"article:modified_time\" content=\"2025-01-29T13:46:59+00:00\" \/>\n<meta property=\"og:image\" content=\"https:\/\/www2.adixatex.com\/wp-content\/uploads\/2020\/11\/49204516068_1b2a3aaebe_o-1-scaled.jpg\" \/>\n\t<meta property=\"og:image:width\" content=\"2560\" \/>\n\t<meta property=\"og:image:height\" content=\"1709\" \/>\n\t<meta property=\"og:image:type\" content=\"image\/jpeg\" \/>\n<meta name=\"author\" content=\"Natalia Herv\u00e1s\" \/>\n<meta name=\"twitter:card\" content=\"summary_large_image\" \/>\n<meta name=\"twitter:creator\" content=\"@adixprotection\" \/>\n<meta name=\"twitter:site\" content=\"@adixprotection\" \/>\n<meta name=\"twitter:label1\" content=\"Written by\" \/>\n\t<meta name=\"twitter:data1\" content=\"Natalia Herv\u00e1s\" \/>\n\t<meta name=\"twitter:label2\" content=\"Est. reading time\" \/>\n\t<meta name=\"twitter:data2\" content=\"1 minute\" \/>\n<script type=\"application\/ld+json\" class=\"yoast-schema-graph\">{\"@context\":\"https:\/\/schema.org\",\"@graph\":[{\"@type\":\"WebPage\",\"@id\":\"https:\/\/www2.adixatex.com\/adix-ingenieria-recibe-el-galardon-a-empresa-exportadora-en-los-premios-al-merito-empresarial-de-castilla-la-mancha-2019\/\",\"url\":\"https:\/\/www2.adixatex.com\/adix-ingenieria-recibe-el-galardon-a-empresa-exportadora-en-los-premios-al-merito-empresarial-de-castilla-la-mancha-2019\/\",\"name\":\"Adix is awarded as 'Exporter of the Year' at the 2019 Castilla-La Mancha Business Merit Awards - Adixatex\",\"isPartOf\":{\"@id\":\"https:\/\/www2.adixatex.com\/#website\"},\"primaryImageOfPage\":{\"@id\":\"https:\/\/www2.adixatex.com\/adix-ingenieria-recibe-el-galardon-a-empresa-exportadora-en-los-premios-al-merito-empresarial-de-castilla-la-mancha-2019\/#primaryimage\"},\"image\":{\"@id\":\"https:\/\/www2.adixatex.com\/adix-ingenieria-recibe-el-galardon-a-empresa-exportadora-en-los-premios-al-merito-empresarial-de-castilla-la-mancha-2019\/#primaryimage\"},\"thumbnailUrl\":\"https:\/\/www2.adixatex.com\/wp-content\/uploads\/2020\/11\/49204516068_1b2a3aaebe_o-1-scaled.jpg\",\"datePublished\":\"2019-11-11T06:47:27+00:00\",\"dateModified\":\"2025-01-29T13:46:59+00:00\",\"author\":{\"@id\":\"https:\/\/www2.adixatex.com\/#\/schema\/person\/0eae078a461bebc9bb298462de95d637\"},\"description\":\"Adix Ingenier\u00eda is awarded as 'Exporter of the Year' at the 2019 Castilla-La Mancha Business Merit Awards\",\"breadcrumb\":{\"@id\":\"https:\/\/www2.adixatex.com\/adix-ingenieria-recibe-el-galardon-a-empresa-exportadora-en-los-premios-al-merito-empresarial-de-castilla-la-mancha-2019\/#breadcrumb\"},\"inLanguage\":\"en-ID\",\"potentialAction\":[{\"@type\":\"ReadAction\",\"target\":[\"https:\/\/www2.adixatex.com\/adix-ingenieria-recibe-el-galardon-a-empresa-exportadora-en-los-premios-al-merito-empresarial-de-castilla-la-mancha-2019\/\"]}]},{\"@type\":\"ImageObject\",\"inLanguage\":\"en-ID\",\"@id\":\"https:\/\/www2.adixatex.com\/adix-ingenieria-recibe-el-galardon-a-empresa-exportadora-en-los-premios-al-merito-empresarial-de-castilla-la-mancha-2019\/#primaryimage\",\"url\":\"https:\/\/www2.adixatex.com\/wp-content\/uploads\/2020\/11\/49204516068_1b2a3aaebe_o-1-scaled.jpg\",\"contentUrl\":\"https:\/\/www2.adixatex.com\/wp-content\/uploads\/2020\/11\/49204516068_1b2a3aaebe_o-1-scaled.jpg\",\"width\":2560,\"height\":1709,\"caption\":\"2019 CLM Business Merit Awards\"},{\"@type\":\"BreadcrumbList\",\"@id\":\"https:\/\/www2.adixatex.com\/adix-ingenieria-recibe-el-galardon-a-empresa-exportadora-en-los-premios-al-merito-empresarial-de-castilla-la-mancha-2019\/#breadcrumb\",\"itemListElement\":[{\"@type\":\"ListItem\",\"position\":1,\"name\":\"Home\",\"item\":\"https:\/\/www2.adixatex.com\/\"},{\"@type\":\"ListItem\",\"position\":2,\"name\":\"Adix is awarded as &#8216;Exporter of the Year&#8217; at the 2019 Castilla-La Mancha Business Merit Awards\"}]},{\"@type\":\"WebSite\",\"@id\":\"https:\/\/www2.adixatex.com\/#website\",\"url\":\"https:\/\/www2.adixatex.com\/\",\"name\":\"Adixatex\",\"description\":\"Prevenci\u00f3n y protecci\u00f3n de atm\u00f3sferas explosivas\",\"inLanguage\":\"en-ID\"},{\"@type\":\"Person\",\"@id\":\"https:\/\/www2.adixatex.com\/#\/schema\/person\/0eae078a461bebc9bb298462de95d637\",\"name\":\"Natalia Herv\u00e1s\",\"image\":{\"@type\":\"ImageObject\",\"inLanguage\":\"en-ID\",\"@id\":\"https:\/\/www2.adixatex.com\/#\/schema\/person\/image\/\",\"url\":\"https:\/\/secure.gravatar.com\/avatar\/6f01c4e7b3efca647d45e75d2bed9993?s=96&d=mm&r=g\",\"contentUrl\":\"https:\/\/secure.gravatar.com\/avatar\/6f01c4e7b3efca647d45e75d2bed9993?s=96&d=mm&r=g\",\"caption\":\"Natalia Herv\u00e1s\"},\"url\":\"https:\/\/www2.adixatex.com\/en-id\/author\/natalia-hervas\/\"}]}<\/script>\n<!-- \/ Yoast SEO plugin. -->","yoast_head_json":{"title":"Adix is awarded as 'Exporter of the Year' at the 2019 Castilla-La Mancha Business Merit Awards - Adixatex","description":"Adix Ingenier\u00eda is awarded as 'Exporter of the Year' at the 2019 Castilla-La Mancha Business Merit Awards","robots":{"index":"noindex","follow":"follow","max-snippet":"max-snippet:-1","max-image-preview":"max-image-preview:large","max-video-preview":"max-video-preview:-1"},"og_locale":"en_US","og_type":"article","og_title":"Adix is awarded as 'Exporter of the Year' at the 2019 Castilla-La Mancha Business Merit Awards - Adixatex","og_description":"Adix Ingenier\u00eda is awarded as 'Exporter of the Year' at the 2019 Castilla-La Mancha Business Merit Awards","og_url":"https:\/\/www2.adixatex.com\/adix-ingenieria-recibe-el-galardon-a-empresa-exportadora-en-los-premios-al-merito-empresarial-de-castilla-la-mancha-2019\/","og_site_name":"Adixatex","article_published_time":"2019-11-11T06:47:27+00:00","article_modified_time":"2025-01-29T13:46:59+00:00","og_image":[{"width":2560,"height":1709,"url":"https:\/\/www2.adixatex.com\/wp-content\/uploads\/2020\/11\/49204516068_1b2a3aaebe_o-1-scaled.jpg","type":"image\/jpeg"}],"author":"Natalia Herv\u00e1s","twitter_card":"summary_large_image","twitter_creator":"@adixprotection","twitter_site":"@adixprotection","twitter_misc":{"Written by":"Natalia Herv\u00e1s","Est. reading time":"1 minute"},"schema":{"@context":"https:\/\/schema.org","@graph":[{"@type":"WebPage","@id":"https:\/\/www2.adixatex.com\/adix-ingenieria-recibe-el-galardon-a-empresa-exportadora-en-los-premios-al-merito-empresarial-de-castilla-la-mancha-2019\/","url":"https:\/\/www2.adixatex.com\/adix-ingenieria-recibe-el-galardon-a-empresa-exportadora-en-los-premios-al-merito-empresarial-de-castilla-la-mancha-2019\/","name":"Adix is awarded as 'Exporter of the Year' at the 2019 Castilla-La Mancha Business Merit Awards - Adixatex","isPartOf":{"@id":"https:\/\/www2.adixatex.com\/#website"},"primaryImageOfPage":{"@id":"https:\/\/www2.adixatex.com\/adix-ingenieria-recibe-el-galardon-a-empresa-exportadora-en-los-premios-al-merito-empresarial-de-castilla-la-mancha-2019\/#primaryimage"},"image":{"@id":"https:\/\/www2.adixatex.com\/adix-ingenieria-recibe-el-galardon-a-empresa-exportadora-en-los-premios-al-merito-empresarial-de-castilla-la-mancha-2019\/#primaryimage"},"thumbnailUrl":"https:\/\/www2.adixatex.com\/wp-content\/uploads\/2020\/11\/49204516068_1b2a3aaebe_o-1-scaled.jpg","datePublished":"2019-11-11T06:47:27+00:00","dateModified":"2025-01-29T13:46:59+00:00","author":{"@id":"https:\/\/www2.adixatex.com\/#\/schema\/person\/0eae078a461bebc9bb298462de95d637"},"description":"Adix Ingenier\u00eda is awarded as 'Exporter of the Year' at the 2019 Castilla-La Mancha Business Merit Awards","breadcrumb":{"@id":"https:\/\/www2.adixatex.com\/adix-ingenieria-recibe-el-galardon-a-empresa-exportadora-en-los-premios-al-merito-empresarial-de-castilla-la-mancha-2019\/#breadcrumb"},"inLanguage":"en-ID","potentialAction":[{"@type":"ReadAction","target":["https:\/\/www2.adixatex.com\/adix-ingenieria-recibe-el-galardon-a-empresa-exportadora-en-los-premios-al-merito-empresarial-de-castilla-la-mancha-2019\/"]}]},{"@type":"ImageObject","inLanguage":"en-ID","@id":"https:\/\/www2.adixatex.com\/adix-ingenieria-recibe-el-galardon-a-empresa-exportadora-en-los-premios-al-merito-empresarial-de-castilla-la-mancha-2019\/#primaryimage","url":"https:\/\/www2.adixatex.com\/wp-content\/uploads\/2020\/11\/49204516068_1b2a3aaebe_o-1-scaled.jpg","contentUrl":"https:\/\/www2.adixatex.com\/wp-content\/uploads\/2020\/11\/49204516068_1b2a3aaebe_o-1-scaled.jpg","width":2560,"height":1709,"caption":"2019 CLM Business Merit Awards"},{"@type":"BreadcrumbList","@id":"https:\/\/www2.adixatex.com\/adix-ingenieria-recibe-el-galardon-a-empresa-exportadora-en-los-premios-al-merito-empresarial-de-castilla-la-mancha-2019\/#breadcrumb","itemListElement":[{"@type":"ListItem","position":1,"name":"Home","item":"https:\/\/www2.adixatex.com\/"},{"@type":"ListItem","position":2,"name":"Adix is awarded as &#8216;Exporter of the Year&#8217; at the 2019 Castilla-La Mancha Business Merit Awards"}]},{"@type":"WebSite","@id":"https:\/\/www2.adixatex.com\/#website","url":"https:\/\/www2.adixatex.com\/","name":"Adixatex","description":"Prevenci\u00f3n y protecci\u00f3n de atm\u00f3sferas explosivas","inLanguage":"en-ID"},{"@type":"Person","@id":"https:\/\/www2.adixatex.com\/#\/schema\/person\/0eae078a461bebc9bb298462de95d637","name":"Natalia Herv\u00e1s","image":{"@type":"ImageObject","inLanguage":"en-ID","@id":"https:\/\/www2.adixatex.com\/#\/schema\/person\/image\/","url":"https:\/\/secure.gravatar.com\/avatar\/6f01c4e7b3efca647d45e75d2bed9993?s=96&d=mm&r=g","contentUrl":"https:\/\/secure.gravatar.com\/avatar\/6f01c4e7b3efca647d45e75d2bed9993?s=96&d=mm&r=g","caption":"Natalia Herv\u00e1s"},"url":"https:\/\/www2.adixatex.com\/en-id\/author\/natalia-hervas\/"}]}},"_links":{"self":[{"href":"https:\/\/www2.adixatex.com\/en-id\/wp-json\/wp\/v2\/posts\/15240","targetHints":{"allow":["GET"]}}],"collection":[{"href":"https:\/\/www2.adixatex.com\/en-id\/wp-json\/wp\/v2\/posts"}],"about":[{"href":"https:\/\/www2.adixatex.com\/en-id\/wp-json\/wp\/v2\/types\/post"}],"author":[{"embeddable":true,"href":"https:\/\/www2.adixatex.com\/en-id\/wp-json\/wp\/v2\/users\/18"}],"replies":[{"embeddable":true,"href":"https:\/\/www2.adixatex.com\/en-id\/wp-json\/wp\/v2\/comments?post=15240"}],"version-history":[{"count":3,"href":"https:\/\/www2.adixatex.com\/en-id\/wp-json\/wp\/v2\/posts\/15240\/revisions"}],"predecessor-version":[{"id":15573,"href":"https:\/\/www2.adixatex.com\/en-id\/wp-json\/wp\/v2\/posts\/15240\/revisions\/15573"}],"wp:featuredmedia":[{"embeddable":true,"href":"https:\/\/www2.adixatex.com\/en-id\/wp-json\/wp\/v2\/media\/15123"}],"wp:attachment":[{"href":"https:\/\/www2.adixatex.com\/en-id\/wp-json\/wp\/v2\/media?parent=15240"}],"wp:term":[{"taxonomy":"category","embeddable":true,"href":"https:\/\/www2.adixatex.com\/en-id\/wp-json\/wp\/v2\/categories?post=15240"},{"taxonomy":"post_tag","embeddable":true,"href":"https:\/\/www2.adixatex.com\/en-id\/wp-json\/wp\/v2\/tags?post=15240"}],"curies":[{"name":"wp","href":"https:\/\/api.w.org\/{rel}","templated":true}]}}