{"id":14444,"date":"2019-11-11T13:52:08","date_gmt":"2019-11-11T12:52:08","guid":{"rendered":"https:\/\/adixatex.com\/adix-ingenieria-recibe-el-galardon-a-empresa-exportadora-en-los-premios-al-merito-empresarial-de-castilla-la-mancha-2019\/"},"modified":"2025-01-29T15:03:19","modified_gmt":"2025-01-29T14:03:19","slug":"adix-ingenieria-recibe-el-galardon-a-empresa-exportadora-en-los-premios-al-merito-empresarial-de-castilla-la-mancha-2019","status":"publish","type":"post","link":"https:\/\/www2.adixatex.com\/es-mx\/adix-ingenieria-recibe-el-galardon-a-empresa-exportadora-en-los-premios-al-merito-empresarial-de-castilla-la-mancha-2019\/","title":{"rendered":"Adix recibe el galard\u00f3n de Empresa Exportadora en los Premios al M\u00e9rito Empresarial de Castilla-La Mancha 2019"},"content":{"rendered":"<p><strong>Este mi\u00e9rcoles, 11 de diciembre, Adix Ingenier\u00eda ha sido premiada como &#8216;Empresa Exportadora del a\u00f1o&#8217; en la IV Edici\u00f3n de los Premios MEEM de Castilla-La Mancha.\u00a0<\/strong><\/p>\n<p><!--more--><\/p>\n<p>La entrega ha tenido lugar en Los Y\u00e9benes (Toledo), donde el gerente de Adix, Ignacio Garrido, recibi\u00f3 el reconocimiento de la mano de Emiliano Garc\u00eda-Page, presidente de Castilla-La Mancha.<\/p>\n<p>Durante el acto, Garrido tom\u00f3 la palabra en representaci\u00f3n de todos los premiados y agradeci\u00f3 el esfuerzo y apoyo de las instituciones. En su intervenci\u00f3n tuvo una menci\u00f3n especial a las familias que hay detr\u00e1s de las empresas y el importante respaldo que brindan en el d\u00eda a d\u00eda. Tambi\u00e9n quiso recalcar la<strong> importancia de exportar<\/strong> mencionado que &#8220;nos es que nos guste o no, es que el poder de la globalizaci\u00f3n es tal que, o nos adaptamos, o nos adaptan&#8221;.<\/p>\n<p>Este premio supone un valioso reconocimiento al esfuerzo empresarial de Adix y un incentivo para seguir trabajando, desarrollando y mejorando sus equipos y servicios para los clientes de todo el mundo.<\/p>\n\n\t\t<style type=\"text\/css\">\n\t\t\t#gallery-1 {\n\t\t\t\tmargin: auto;\n\t\t\t}\n\t\t\t#gallery-1 .gallery-item {\n\t\t\t\tfloat: left;\n\t\t\t\tmargin-top: 10px;\n\t\t\t\ttext-align: center;\n\t\t\t\twidth: 50%;\n\t\t\t}\n\t\t\t#gallery-1 img {\n\t\t\t\tborder: 2px solid #cfcfcf;\n\t\t\t}\n\t\t\t#gallery-1 .gallery-caption {\n\t\t\t\tmargin-left: 0;\n\t\t\t}\n\t\t\t\/* see gallery_shortcode() in wp-includes\/media.php *\/\n\t\t<\/style>\n\t\t<div id='gallery-1' class='gallery galleryid-14444 gallery-columns-2 gallery-size-thumbnail'><dl class='gallery-item'>\n\t\t\t<dt class='gallery-icon portrait'>\n\t\t\t\t<img decoding=\"async\" width=\"150\" height=\"150\" src=\"https:\/\/www2.adixatex.com\/wp-content\/uploads\/2020\/11\/Skype_Picture_2019_12_13T10_06_49_543Z-e1576844555545-scaled-150x150.jpeg\" class=\"attachment-thumbnail size-thumbnail\" alt=\"Emiliano Garc\u00eda-Page, presidente de CLM, e Ignacio Garrido Ceca, director de Adix\" aria-describedby=\"gallery-1-14813\" srcset=\"https:\/\/www2.adixatex.com\/wp-content\/uploads\/2020\/11\/Skype_Picture_2019_12_13T10_06_49_543Z-e1576844555545-scaled-150x150.jpeg 150w, https:\/\/www2.adixatex.com\/wp-content\/uploads\/2020\/11\/Skype_Picture_2019_12_13T10_06_49_543Z-e1576844555545-scaled-300x300.jpeg 300w, https:\/\/www2.adixatex.com\/wp-content\/uploads\/2020\/11\/Skype_Picture_2019_12_13T10_06_49_543Z-e1576844555545-scaled-100x100.jpeg 100w\" sizes=\"(max-width: 150px) 100vw, 150px\" \/>\n\t\t\t<\/dt>\n\t\t\t\t<dd class='wp-caption-text gallery-caption' id='gallery-1-14813'>\n\t\t\t\tEmiliano Garcia Page, presidente de CLM e Ignacio Garrido Ceca, director de Adix\n\t\t\t\t<\/dd><\/dl><dl class='gallery-item'>\n\t\t\t<dt class='gallery-icon portrait'>\n\t\t\t\t<img decoding=\"async\" width=\"150\" height=\"150\" src=\"https:\/\/www2.adixatex.com\/wp-content\/uploads\/2020\/11\/Skype_Picture_2019_12_13T10_06_41_313Z-e1576844537561-scaled-150x150.jpeg\" class=\"attachment-thumbnail size-thumbnail\" alt=\"El equipo de Adix junto a Patricia Franco, consejera de EEE de CLM\" aria-describedby=\"gallery-1-14816\" srcset=\"https:\/\/www2.adixatex.com\/wp-content\/uploads\/2020\/11\/Skype_Picture_2019_12_13T10_06_41_313Z-e1576844537561-scaled-150x150.jpeg 150w, https:\/\/www2.adixatex.com\/wp-content\/uploads\/2020\/11\/Skype_Picture_2019_12_13T10_06_41_313Z-e1576844537561-scaled-300x300.jpeg 300w, https:\/\/www2.adixatex.com\/wp-content\/uploads\/2020\/11\/Skype_Picture_2019_12_13T10_06_41_313Z-e1576844537561-scaled-100x100.jpeg 100w\" sizes=\"(max-width: 150px) 100vw, 150px\" \/>\n\t\t\t<\/dt>\n\t\t\t\t<dd class='wp-caption-text gallery-caption' id='gallery-1-14816'>\n\t\t\t\tEl equipo de Adix junto a Patricia Franco, Consejera de EEE de CLM\n\t\t\t\t<\/dd><\/dl><br style=\"clear: both\" \/><dl class='gallery-item'>\n\t\t\t<dt class='gallery-icon landscape'>\n\t\t\t\t<img decoding=\"async\" width=\"150\" height=\"150\" src=\"https:\/\/www2.adixatex.com\/wp-content\/uploads\/2020\/11\/49205577077_9b08c5289e_o-scaled-150x150.jpg\" class=\"attachment-thumbnail size-thumbnail\" alt=\"Representaci\u00f3n de Adix junto a Emiliano Garc\u00eda-Page\" aria-describedby=\"gallery-1-14451\" srcset=\"https:\/\/www2.adixatex.com\/wp-content\/uploads\/2020\/11\/49205577077_9b08c5289e_o-scaled-150x150.jpg 150w, https:\/\/www2.adixatex.com\/wp-content\/uploads\/2020\/11\/49205577077_9b08c5289e_o-scaled-300x300.jpg 300w, https:\/\/www2.adixatex.com\/wp-content\/uploads\/2020\/11\/49205577077_9b08c5289e_o-scaled-100x100.jpg 100w\" sizes=\"(max-width: 150px) 100vw, 150px\" \/>\n\t\t\t<\/dt>\n\t\t\t\t<dd class='wp-caption-text gallery-caption' id='gallery-1-14451'>\n\t\t\t\tRepresentaci\u00f3n de Adix junto a Emiliano Garc\u00eda Page\n\t\t\t\t<\/dd><\/dl><dl class='gallery-item'>\n\t\t\t<dt class='gallery-icon landscape'>\n\t\t\t\t<img loading=\"lazy\" decoding=\"async\" width=\"150\" height=\"150\" src=\"https:\/\/www2.adixatex.com\/wp-content\/uploads\/2020\/11\/49205212557_f121a8119c_o-scaled-150x150.jpg\" class=\"attachment-thumbnail size-thumbnail\" alt=\"Actuaci\u00f3n Musical durante la IV Edici\u00f3n de los Premios MEEM\" aria-describedby=\"gallery-1-14823\" srcset=\"https:\/\/www2.adixatex.com\/wp-content\/uploads\/2020\/11\/49205212557_f121a8119c_o-scaled-150x150.jpg 150w, https:\/\/www2.adixatex.com\/wp-content\/uploads\/2020\/11\/49205212557_f121a8119c_o-scaled-300x300.jpg 300w, https:\/\/www2.adixatex.com\/wp-content\/uploads\/2020\/11\/49205212557_f121a8119c_o-scaled-100x100.jpg 100w\" sizes=\"(max-width: 150px) 100vw, 150px\" \/>\n\t\t\t<\/dt>\n\t\t\t\t<dd class='wp-caption-text gallery-caption' id='gallery-1-14823'>\n\t\t\t\tActuaci\u00f3n Musical durante la IV Edici\u00f3n de los Premios MEEM\n\t\t\t\t<\/dd><\/dl><br style=\"clear: both\" \/><dl class='gallery-item'>\n\t\t\t<dt class='gallery-icon landscape'>\n\t\t\t\t<img loading=\"lazy\" decoding=\"async\" width=\"150\" height=\"150\" src=\"https:\/\/www2.adixatex.com\/wp-content\/uploads\/2020\/11\/49204512733_9053a6946c_o-scaled-150x150.jpg\" class=\"attachment-thumbnail size-thumbnail\" alt=\"Ignacio Garrido durante su intervenci\u00f3n en los Premios MEEM 2019\" aria-describedby=\"gallery-1-14448\" srcset=\"https:\/\/www2.adixatex.com\/wp-content\/uploads\/2020\/11\/49204512733_9053a6946c_o-scaled-150x150.jpg 150w, https:\/\/www2.adixatex.com\/wp-content\/uploads\/2020\/11\/49204512733_9053a6946c_o-scaled-300x300.jpg 300w, https:\/\/www2.adixatex.com\/wp-content\/uploads\/2020\/11\/49204512733_9053a6946c_o-scaled-100x100.jpg 100w\" sizes=\"(max-width: 150px) 100vw, 150px\" \/>\n\t\t\t<\/dt>\n\t\t\t\t<dd class='wp-caption-text gallery-caption' id='gallery-1-14448'>\n\t\t\t\tIgnacio Garrido durante su intervenci\u00f3n en los premios\n\t\t\t\t<\/dd><\/dl>\n\t\t\t<br style='clear: both' \/>\n\t\t<\/div>\n\n<p><em><strong>Relaci\u00f3n de noticias:\u00a0<\/strong><\/em><\/p>\n<p><a href=\"https:\/\/www.encastillalamancha.es\/economia\/adix-bio-unicorn-incarlopsa-o-joma-recogen-los-premios-al-merito-empresarial-de-clm\/\">www.encastillalamancha.es<\/a><\/p>\n<p><a href=\"https:\/\/www.europapress.es\/castilla-lamancha\/noticia-adix-bio-unicorn-incarlopsa-plastipak-sembrador-dsv-joma-recogen-premios-merito-empresarial-lm-20191211224827.html\">www.europapress.es<\/a><\/p>\n<p><a href=\"https:\/\/entomelloso.com\/clm\/adix-bio-unicorn-incarlopsa-plastipak-el-sembrador-dsv-o-joma-recogen-los-premios-al-merito-empresarial\/\">www.entomelloso.com<\/a><\/p>\n","protected":false},"excerpt":{"rendered":"<p>Este mi\u00e9rcoles, 11 de diciembre, Adix Ingenier\u00eda ha sido premiada como &#8216;Empresa Exportadora del a\u00f1o&#8217; en la IV Edici\u00f3n de los Premios MEEM de Castilla-La Mancha.\u00a0<\/p>\n","protected":false},"author":18,"featured_media":14445,"comment_status":"open","ping_status":"open","sticky":false,"template":"","format":"standard","meta":{"footnotes":""},"categories":[2241],"tags":[2232],"class_list":["post-14444","post","type-post","status-publish","format-standard","has-post-thumbnail","hentry","category-blog-es-mx","tag-noticias-de-industria-es-mx"],"yoast_head":"<!-- This site is optimized with the Yoast SEO plugin v24.4 - https:\/\/yoast.com\/wordpress\/plugins\/seo\/ -->\n<title>Adix recibe el galard\u00f3n de Empresa Exportadora en los Premios al M\u00e9rito Empresarial de Castilla-La Mancha 2019 - Adixatex<\/title>\n<meta name=\"description\" content=\"Adix Ingenier\u00eda recibe el galard\u00f3n de Empresa Exportadora en los Premios al M\u00e9rito Empresarial de Castilla-La Mancha 2019\" \/>\n<meta name=\"robots\" content=\"noindex, follow, max-snippet:-1, max-image-preview:large, max-video-preview:-1\" \/>\n<meta property=\"og:locale\" content=\"es_MX\" \/>\n<meta property=\"og:type\" content=\"article\" \/>\n<meta property=\"og:title\" content=\"Adix recibe el galard\u00f3n de Empresa Exportadora en los Premios al M\u00e9rito Empresarial de Castilla-La Mancha 2019 - Adixatex\" \/>\n<meta property=\"og:description\" content=\"Adix Ingenier\u00eda recibe el galard\u00f3n de Empresa Exportadora en los Premios al M\u00e9rito Empresarial de Castilla-La Mancha 2019\" \/>\n<meta property=\"og:url\" content=\"https:\/\/www2.adixatex.com\/adix-ingenieria-recibe-el-galardon-a-empresa-exportadora-en-los-premios-al-merito-empresarial-de-castilla-la-mancha-2019\/\" \/>\n<meta property=\"og:site_name\" content=\"Adixatex\" \/>\n<meta property=\"article:published_time\" content=\"2019-11-11T12:52:08+00:00\" \/>\n<meta property=\"article:modified_time\" content=\"2025-01-29T14:03:19+00:00\" \/>\n<meta property=\"og:image\" content=\"https:\/\/www2.adixatex.com\/wp-content\/uploads\/2020\/11\/49204516068_1b2a3aaebe_o-1-scaled.jpg\" \/>\n\t<meta property=\"og:image:width\" content=\"2560\" \/>\n\t<meta property=\"og:image:height\" content=\"1709\" \/>\n\t<meta property=\"og:image:type\" content=\"image\/jpeg\" \/>\n<meta name=\"author\" content=\"Natalia Herv\u00e1s\" \/>\n<meta name=\"twitter:card\" content=\"summary_large_image\" \/>\n<meta name=\"twitter:creator\" content=\"@adixprotection\" \/>\n<meta name=\"twitter:site\" content=\"@adixprotection\" \/>\n<meta name=\"twitter:label1\" content=\"Escrito por\" \/>\n\t<meta name=\"twitter:data1\" content=\"Natalia Herv\u00e1s\" \/>\n\t<meta name=\"twitter:label2\" content=\"Tiempo de lectura\" \/>\n\t<meta name=\"twitter:data2\" content=\"1 minuto\" \/>\n<script type=\"application\/ld+json\" class=\"yoast-schema-graph\">{\"@context\":\"https:\/\/schema.org\",\"@graph\":[{\"@type\":\"WebPage\",\"@id\":\"https:\/\/www2.adixatex.com\/adix-ingenieria-recibe-el-galardon-a-empresa-exportadora-en-los-premios-al-merito-empresarial-de-castilla-la-mancha-2019\/\",\"url\":\"https:\/\/www2.adixatex.com\/adix-ingenieria-recibe-el-galardon-a-empresa-exportadora-en-los-premios-al-merito-empresarial-de-castilla-la-mancha-2019\/\",\"name\":\"Adix recibe el galard\u00f3n de Empresa Exportadora en los Premios al M\u00e9rito Empresarial de Castilla-La Mancha 2019 - Adixatex\",\"isPartOf\":{\"@id\":\"https:\/\/www2.adixatex.com\/#website\"},\"primaryImageOfPage\":{\"@id\":\"https:\/\/www2.adixatex.com\/adix-ingenieria-recibe-el-galardon-a-empresa-exportadora-en-los-premios-al-merito-empresarial-de-castilla-la-mancha-2019\/#primaryimage\"},\"image\":{\"@id\":\"https:\/\/www2.adixatex.com\/adix-ingenieria-recibe-el-galardon-a-empresa-exportadora-en-los-premios-al-merito-empresarial-de-castilla-la-mancha-2019\/#primaryimage\"},\"thumbnailUrl\":\"https:\/\/www2.adixatex.com\/wp-content\/uploads\/2020\/11\/49204516068_1b2a3aaebe_o-1-scaled.jpg\",\"datePublished\":\"2019-11-11T12:52:08+00:00\",\"dateModified\":\"2025-01-29T14:03:19+00:00\",\"author\":{\"@id\":\"https:\/\/www2.adixatex.com\/#\/schema\/person\/0eae078a461bebc9bb298462de95d637\"},\"description\":\"Adix Ingenier\u00eda recibe el galard\u00f3n de Empresa Exportadora en los Premios al M\u00e9rito Empresarial de Castilla-La Mancha 2019\",\"breadcrumb\":{\"@id\":\"https:\/\/www2.adixatex.com\/adix-ingenieria-recibe-el-galardon-a-empresa-exportadora-en-los-premios-al-merito-empresarial-de-castilla-la-mancha-2019\/#breadcrumb\"},\"inLanguage\":\"es\",\"potentialAction\":[{\"@type\":\"ReadAction\",\"target\":[\"https:\/\/www2.adixatex.com\/adix-ingenieria-recibe-el-galardon-a-empresa-exportadora-en-los-premios-al-merito-empresarial-de-castilla-la-mancha-2019\/\"]}]},{\"@type\":\"ImageObject\",\"inLanguage\":\"es\",\"@id\":\"https:\/\/www2.adixatex.com\/adix-ingenieria-recibe-el-galardon-a-empresa-exportadora-en-los-premios-al-merito-empresarial-de-castilla-la-mancha-2019\/#primaryimage\",\"url\":\"https:\/\/www2.adixatex.com\/wp-content\/uploads\/2020\/11\/49204516068_1b2a3aaebe_o-1-scaled.jpg\",\"contentUrl\":\"https:\/\/www2.adixatex.com\/wp-content\/uploads\/2020\/11\/49204516068_1b2a3aaebe_o-1-scaled.jpg\",\"width\":2560,\"height\":1709,\"caption\":\"Galard\u00f3n Premio M\u00e9rito empresarial 2019\"},{\"@type\":\"BreadcrumbList\",\"@id\":\"https:\/\/www2.adixatex.com\/adix-ingenieria-recibe-el-galardon-a-empresa-exportadora-en-los-premios-al-merito-empresarial-de-castilla-la-mancha-2019\/#breadcrumb\",\"itemListElement\":[{\"@type\":\"ListItem\",\"position\":1,\"name\":\"Inicio\",\"item\":\"https:\/\/www2.adixatex.com\/\"},{\"@type\":\"ListItem\",\"position\":2,\"name\":\"Adix recibe el galard\u00f3n de Empresa Exportadora en los Premios al M\u00e9rito Empresarial de Castilla-La Mancha 2019\"}]},{\"@type\":\"WebSite\",\"@id\":\"https:\/\/www2.adixatex.com\/#website\",\"url\":\"https:\/\/www2.adixatex.com\/\",\"name\":\"Adixatex\",\"description\":\"Prevenci\u00f3n y protecci\u00f3n de atm\u00f3sferas explosivas\",\"inLanguage\":\"es\"},{\"@type\":\"Person\",\"@id\":\"https:\/\/www2.adixatex.com\/#\/schema\/person\/0eae078a461bebc9bb298462de95d637\",\"name\":\"Natalia Herv\u00e1s\",\"image\":{\"@type\":\"ImageObject\",\"inLanguage\":\"es\",\"@id\":\"https:\/\/www2.adixatex.com\/#\/schema\/person\/image\/\",\"url\":\"https:\/\/secure.gravatar.com\/avatar\/6f01c4e7b3efca647d45e75d2bed9993?s=96&d=mm&r=g\",\"contentUrl\":\"https:\/\/secure.gravatar.com\/avatar\/6f01c4e7b3efca647d45e75d2bed9993?s=96&d=mm&r=g\",\"caption\":\"Natalia Herv\u00e1s\"},\"url\":\"https:\/\/www2.adixatex.com\/es-mx\/author\/natalia-hervas\/\"}]}<\/script>\n<!-- \/ Yoast SEO plugin. -->","yoast_head_json":{"title":"Adix recibe el galard\u00f3n de Empresa Exportadora en los Premios al M\u00e9rito Empresarial de Castilla-La Mancha 2019 - Adixatex","description":"Adix Ingenier\u00eda recibe el galard\u00f3n de Empresa Exportadora en los Premios al M\u00e9rito Empresarial de Castilla-La Mancha 2019","robots":{"index":"noindex","follow":"follow","max-snippet":"max-snippet:-1","max-image-preview":"max-image-preview:large","max-video-preview":"max-video-preview:-1"},"og_locale":"es_MX","og_type":"article","og_title":"Adix recibe el galard\u00f3n de Empresa Exportadora en los Premios al M\u00e9rito Empresarial de Castilla-La Mancha 2019 - Adixatex","og_description":"Adix Ingenier\u00eda recibe el galard\u00f3n de Empresa Exportadora en los Premios al M\u00e9rito Empresarial de Castilla-La Mancha 2019","og_url":"https:\/\/www2.adixatex.com\/adix-ingenieria-recibe-el-galardon-a-empresa-exportadora-en-los-premios-al-merito-empresarial-de-castilla-la-mancha-2019\/","og_site_name":"Adixatex","article_published_time":"2019-11-11T12:52:08+00:00","article_modified_time":"2025-01-29T14:03:19+00:00","og_image":[{"width":2560,"height":1709,"url":"https:\/\/www2.adixatex.com\/wp-content\/uploads\/2020\/11\/49204516068_1b2a3aaebe_o-1-scaled.jpg","type":"image\/jpeg"}],"author":"Natalia Herv\u00e1s","twitter_card":"summary_large_image","twitter_creator":"@adixprotection","twitter_site":"@adixprotection","twitter_misc":{"Escrito por":"Natalia Herv\u00e1s","Tiempo de lectura":"1 minuto"},"schema":{"@context":"https:\/\/schema.org","@graph":[{"@type":"WebPage","@id":"https:\/\/www2.adixatex.com\/adix-ingenieria-recibe-el-galardon-a-empresa-exportadora-en-los-premios-al-merito-empresarial-de-castilla-la-mancha-2019\/","url":"https:\/\/www2.adixatex.com\/adix-ingenieria-recibe-el-galardon-a-empresa-exportadora-en-los-premios-al-merito-empresarial-de-castilla-la-mancha-2019\/","name":"Adix recibe el galard\u00f3n de Empresa Exportadora en los Premios al M\u00e9rito Empresarial de Castilla-La Mancha 2019 - Adixatex","isPartOf":{"@id":"https:\/\/www2.adixatex.com\/#website"},"primaryImageOfPage":{"@id":"https:\/\/www2.adixatex.com\/adix-ingenieria-recibe-el-galardon-a-empresa-exportadora-en-los-premios-al-merito-empresarial-de-castilla-la-mancha-2019\/#primaryimage"},"image":{"@id":"https:\/\/www2.adixatex.com\/adix-ingenieria-recibe-el-galardon-a-empresa-exportadora-en-los-premios-al-merito-empresarial-de-castilla-la-mancha-2019\/#primaryimage"},"thumbnailUrl":"https:\/\/www2.adixatex.com\/wp-content\/uploads\/2020\/11\/49204516068_1b2a3aaebe_o-1-scaled.jpg","datePublished":"2019-11-11T12:52:08+00:00","dateModified":"2025-01-29T14:03:19+00:00","author":{"@id":"https:\/\/www2.adixatex.com\/#\/schema\/person\/0eae078a461bebc9bb298462de95d637"},"description":"Adix Ingenier\u00eda recibe el galard\u00f3n de Empresa Exportadora en los Premios al M\u00e9rito Empresarial de Castilla-La Mancha 2019","breadcrumb":{"@id":"https:\/\/www2.adixatex.com\/adix-ingenieria-recibe-el-galardon-a-empresa-exportadora-en-los-premios-al-merito-empresarial-de-castilla-la-mancha-2019\/#breadcrumb"},"inLanguage":"es","potentialAction":[{"@type":"ReadAction","target":["https:\/\/www2.adixatex.com\/adix-ingenieria-recibe-el-galardon-a-empresa-exportadora-en-los-premios-al-merito-empresarial-de-castilla-la-mancha-2019\/"]}]},{"@type":"ImageObject","inLanguage":"es","@id":"https:\/\/www2.adixatex.com\/adix-ingenieria-recibe-el-galardon-a-empresa-exportadora-en-los-premios-al-merito-empresarial-de-castilla-la-mancha-2019\/#primaryimage","url":"https:\/\/www2.adixatex.com\/wp-content\/uploads\/2020\/11\/49204516068_1b2a3aaebe_o-1-scaled.jpg","contentUrl":"https:\/\/www2.adixatex.com\/wp-content\/uploads\/2020\/11\/49204516068_1b2a3aaebe_o-1-scaled.jpg","width":2560,"height":1709,"caption":"Galard\u00f3n Premio M\u00e9rito empresarial 2019"},{"@type":"BreadcrumbList","@id":"https:\/\/www2.adixatex.com\/adix-ingenieria-recibe-el-galardon-a-empresa-exportadora-en-los-premios-al-merito-empresarial-de-castilla-la-mancha-2019\/#breadcrumb","itemListElement":[{"@type":"ListItem","position":1,"name":"Inicio","item":"https:\/\/www2.adixatex.com\/"},{"@type":"ListItem","position":2,"name":"Adix recibe el galard\u00f3n de Empresa Exportadora en los Premios al M\u00e9rito Empresarial de Castilla-La Mancha 2019"}]},{"@type":"WebSite","@id":"https:\/\/www2.adixatex.com\/#website","url":"https:\/\/www2.adixatex.com\/","name":"Adixatex","description":"Prevenci\u00f3n y protecci\u00f3n de atm\u00f3sferas explosivas","inLanguage":"es"},{"@type":"Person","@id":"https:\/\/www2.adixatex.com\/#\/schema\/person\/0eae078a461bebc9bb298462de95d637","name":"Natalia Herv\u00e1s","image":{"@type":"ImageObject","inLanguage":"es","@id":"https:\/\/www2.adixatex.com\/#\/schema\/person\/image\/","url":"https:\/\/secure.gravatar.com\/avatar\/6f01c4e7b3efca647d45e75d2bed9993?s=96&d=mm&r=g","contentUrl":"https:\/\/secure.gravatar.com\/avatar\/6f01c4e7b3efca647d45e75d2bed9993?s=96&d=mm&r=g","caption":"Natalia Herv\u00e1s"},"url":"https:\/\/www2.adixatex.com\/es-mx\/author\/natalia-hervas\/"}]}},"_links":{"self":[{"href":"https:\/\/www2.adixatex.com\/es-mx\/wp-json\/wp\/v2\/posts\/14444","targetHints":{"allow":["GET"]}}],"collection":[{"href":"https:\/\/www2.adixatex.com\/es-mx\/wp-json\/wp\/v2\/posts"}],"about":[{"href":"https:\/\/www2.adixatex.com\/es-mx\/wp-json\/wp\/v2\/types\/post"}],"author":[{"embeddable":true,"href":"https:\/\/www2.adixatex.com\/es-mx\/wp-json\/wp\/v2\/users\/18"}],"replies":[{"embeddable":true,"href":"https:\/\/www2.adixatex.com\/es-mx\/wp-json\/wp\/v2\/comments?post=14444"}],"version-history":[{"count":19,"href":"https:\/\/www2.adixatex.com\/es-mx\/wp-json\/wp\/v2\/posts\/14444\/revisions"}],"predecessor-version":[{"id":15563,"href":"https:\/\/www2.adixatex.com\/es-mx\/wp-json\/wp\/v2\/posts\/14444\/revisions\/15563"}],"wp:featuredmedia":[{"embeddable":true,"href":"https:\/\/www2.adixatex.com\/es-mx\/wp-json\/wp\/v2\/media\/14445"}],"wp:attachment":[{"href":"https:\/\/www2.adixatex.com\/es-mx\/wp-json\/wp\/v2\/media?parent=14444"}],"wp:term":[{"taxonomy":"category","embeddable":true,"href":"https:\/\/www2.adixatex.com\/es-mx\/wp-json\/wp\/v2\/categories?post=14444"},{"taxonomy":"post_tag","embeddable":true,"href":"https:\/\/www2.adixatex.com\/es-mx\/wp-json\/wp\/v2\/tags?post=14444"}],"curies":[{"name":"wp","href":"https:\/\/api.w.org\/{rel}","templated":true}]}}