{"id":15388,"date":"2025-01-21T10:05:55","date_gmt":"2025-01-21T09:05:55","guid":{"rendered":"https:\/\/adixatex.com\/adix-ingenieria-recoit-le-prix-de-lentreprise-exportatrice-de-lannee-aux-prix-du-merite-entrepreneurial-de-castilla-la-mancha-2019\/"},"modified":"2025-01-29T14:48:28","modified_gmt":"2025-01-29T13:48:28","slug":"adix-recoit-le-prix-de-lentreprise-exportatrice-de-lannee-aux-prix-du-merite-entrepreneurial-de-castilla-la-mancha-2019","status":"publish","type":"post","link":"https:\/\/www2.adixatex.com\/fr\/adix-recoit-le-prix-de-lentreprise-exportatrice-de-lannee-aux-prix-du-merite-entrepreneurial-de-castilla-la-mancha-2019\/","title":{"rendered":"Adix re\u00e7oit le prix de l&rsquo;Entreprise Exportatrice de l&rsquo;ann\u00e9e aux Prix du M\u00e9rite Entrepreneurial 2019"},"content":{"rendered":"<p><strong>Ce mercredi 11 d\u00e9cembre, Adix Ingenier\u00eda a \u00e9t\u00e9 r\u00e9compens\u00e9e en tant qu'\u00a0\u00bbEntreprise Exportatrice de l&rsquo;ann\u00e9e\u00a0\u00bb lors de la IVe \u00c9dition des Prix MEEM de Castilla-La Mancha.<\/strong><\/p>\n<p><!--more--><\/p>\n<p>La remise des prix a eu lieu \u00e0 Los Y\u00e9benes (Toledo), o\u00f9 le directeur d&rsquo;<a href=\"https:\/\/adixatex.com\/fr\/\" target=\"_blank\" rel=\"noopener\">Adix<\/a>, Ignacio Garrido, a re\u00e7u la distinction des mains d&rsquo;Emiliano Garc\u00eda-Page, pr\u00e9sident de Castilla-La Mancha.<\/p>\n<p>Lors de l&rsquo;\u00e9v\u00e9nement, Garrido a pris la parole au nom de tous les laur\u00e9ats et a remerci\u00e9 l&rsquo;effort et le soutien des institutions. Dans son discours, il a particuli\u00e8rement mentionn\u00e9 les familles derri\u00e8re les entreprises et le soutien important qu&rsquo;elles apportent au quotidien. Il a \u00e9galement soulign\u00e9<strong> l&rsquo;importance de l&rsquo;exportation<\/strong> en d\u00e9clarant: \u00ab\u00a0Que cela nous plaise ou non, le pouvoir de la mondialisation est tel que, soit nous nous adaptons, soit on nous adapte.\u00a0\u00bb<\/p>\n<p>Ce prix constitue une reconnaissance pr\u00e9cieuse des efforts de l&rsquo;entreprise Adix et un encouragement \u00e0 continuer de travailler, d\u00e9velopper et am\u00e9liorer ses \u00e9quipements et services pour ses clients du monde entier.<\/p>\n\n\t\t<style type=\"text\/css\">\n\t\t\t#gallery-1 {\n\t\t\t\tmargin: auto;\n\t\t\t}\n\t\t\t#gallery-1 .gallery-item {\n\t\t\t\tfloat: left;\n\t\t\t\tmargin-top: 10px;\n\t\t\t\ttext-align: center;\n\t\t\t\twidth: 50%;\n\t\t\t}\n\t\t\t#gallery-1 img {\n\t\t\t\tborder: 2px solid #cfcfcf;\n\t\t\t}\n\t\t\t#gallery-1 .gallery-caption {\n\t\t\t\tmargin-left: 0;\n\t\t\t}\n\t\t\t\/* see gallery_shortcode() in wp-includes\/media.php *\/\n\t\t<\/style>\n\t\t<div id='gallery-1' class='gallery galleryid-15388 gallery-columns-2 gallery-size-thumbnail'><dl class='gallery-item'>\n\t\t\t<dt class='gallery-icon portrait'>\n\t\t\t\t<img decoding=\"async\" width=\"150\" height=\"150\" src=\"https:\/\/www2.adixatex.com\/wp-content\/uploads\/2020\/11\/Skype_Picture_2019_12_13T10_06_49_543Z-e1576844555545-150x150.jpeg\" class=\"attachment-thumbnail size-thumbnail\" alt=\"Emiliano Garc\u00eda-Page, pr\u00e9sident de Castilla-La Mancha, et Ignacio Garrido Ceca, PDG d&#039;Adix\" aria-describedby=\"gallery-1-318\" srcset=\"https:\/\/www2.adixatex.com\/wp-content\/uploads\/2020\/11\/Skype_Picture_2019_12_13T10_06_49_543Z-e1576844555545-150x150.jpeg 150w, https:\/\/www2.adixatex.com\/wp-content\/uploads\/2020\/11\/Skype_Picture_2019_12_13T10_06_49_543Z-e1576844555545-scaled-300x300.jpeg 300w, https:\/\/www2.adixatex.com\/wp-content\/uploads\/2020\/11\/Skype_Picture_2019_12_13T10_06_49_543Z-e1576844555545-scaled-100x100.jpeg 100w\" sizes=\"(max-width: 150px) 100vw, 150px\" \/>\n\t\t\t<\/dt>\n\t\t\t\t<dd class='wp-caption-text gallery-caption' id='gallery-1-318'>\n\t\t\t\tEmiliano Garc\u00eda-Page, pr\u00e9sident de Castilla-La Mancha, et Ignacio Garrido Ceca, PDG d&rsquo;Adix\n\t\t\t\t<\/dd><\/dl><dl class='gallery-item'>\n\t\t\t<dt class='gallery-icon portrait'>\n\t\t\t\t<img decoding=\"async\" width=\"150\" height=\"150\" src=\"https:\/\/www2.adixatex.com\/wp-content\/uploads\/2020\/11\/Skype_Picture_2019_12_13T10_06_41_313Z-e1576844537561-150x150.jpeg\" class=\"attachment-thumbnail size-thumbnail\" alt=\"L&#039;\u00e9quipe d&#039;Adix avec Patricia Franco, Conseill\u00e8re des EEE de CLM\" aria-describedby=\"gallery-1-310\" srcset=\"https:\/\/www2.adixatex.com\/wp-content\/uploads\/2020\/11\/Skype_Picture_2019_12_13T10_06_41_313Z-e1576844537561-150x150.jpeg 150w, https:\/\/www2.adixatex.com\/wp-content\/uploads\/2020\/11\/Skype_Picture_2019_12_13T10_06_41_313Z-e1576844537561-scaled-300x300.jpeg 300w, https:\/\/www2.adixatex.com\/wp-content\/uploads\/2020\/11\/Skype_Picture_2019_12_13T10_06_41_313Z-e1576844537561-scaled-100x100.jpeg 100w\" sizes=\"(max-width: 150px) 100vw, 150px\" \/>\n\t\t\t<\/dt>\n\t\t\t\t<dd class='wp-caption-text gallery-caption' id='gallery-1-310'>\n\t\t\t\tL&rsquo;\u00e9quipe d&rsquo;Adix avec Patricia Franco, Conseill\u00e8re des EEE de CLM\n\t\t\t\t<\/dd><\/dl><br style=\"clear: both\" \/><dl class='gallery-item'>\n\t\t\t<dt class='gallery-icon landscape'>\n\t\t\t\t<img decoding=\"async\" width=\"150\" height=\"150\" src=\"https:\/\/www2.adixatex.com\/wp-content\/uploads\/2020\/11\/49205577077_9b08c5289e_o-150x150.jpg\" class=\"attachment-thumbnail size-thumbnail\" alt=\"Repr\u00e9sentation d&#039;Adix avec Emiliano Garc\u00eda-Page\" aria-describedby=\"gallery-1-302\" srcset=\"https:\/\/www2.adixatex.com\/wp-content\/uploads\/2020\/11\/49205577077_9b08c5289e_o-150x150.jpg 150w, https:\/\/www2.adixatex.com\/wp-content\/uploads\/2020\/11\/49205577077_9b08c5289e_o-scaled-300x300.jpg 300w, https:\/\/www2.adixatex.com\/wp-content\/uploads\/2020\/11\/49205577077_9b08c5289e_o-scaled-100x100.jpg 100w\" sizes=\"(max-width: 150px) 100vw, 150px\" \/>\n\t\t\t<\/dt>\n\t\t\t\t<dd class='wp-caption-text gallery-caption' id='gallery-1-302'>\n\t\t\t\tRepr\u00e9sentation d&rsquo;Adix avec Emiliano Garc\u00eda-Page\n\t\t\t\t<\/dd><\/dl><dl class='gallery-item'>\n\t\t\t<dt class='gallery-icon landscape'>\n\t\t\t\t<img loading=\"lazy\" decoding=\"async\" width=\"150\" height=\"150\" src=\"https:\/\/www2.adixatex.com\/wp-content\/uploads\/2020\/11\/49205212557_f121a8119c_o-150x150.jpg\" class=\"attachment-thumbnail size-thumbnail\" alt=\"Performance musicale lors de la IVe \u00e9dition des Prix MEEM\" aria-describedby=\"gallery-1-294\" srcset=\"https:\/\/www2.adixatex.com\/wp-content\/uploads\/2020\/11\/49205212557_f121a8119c_o-150x150.jpg 150w, https:\/\/www2.adixatex.com\/wp-content\/uploads\/2020\/11\/49205212557_f121a8119c_o-scaled-300x300.jpg 300w, https:\/\/www2.adixatex.com\/wp-content\/uploads\/2020\/11\/49205212557_f121a8119c_o-scaled-100x100.jpg 100w\" sizes=\"(max-width: 150px) 100vw, 150px\" \/>\n\t\t\t<\/dt>\n\t\t\t\t<dd class='wp-caption-text gallery-caption' id='gallery-1-294'>\n\t\t\t\tPerformance musicale lors de la IVe \u00e9dition des Prix MEEM\n\t\t\t\t<\/dd><\/dl><br style=\"clear: both\" \/><dl class='gallery-item'>\n\t\t\t<dt class='gallery-icon landscape'>\n\t\t\t\t<img loading=\"lazy\" decoding=\"async\" width=\"150\" height=\"150\" src=\"https:\/\/www2.adixatex.com\/wp-content\/uploads\/2020\/11\/49204512733_9053a6946c_o-150x150.jpg\" class=\"attachment-thumbnail size-thumbnail\" alt=\"Ignacio Garrido pendant son intervention lors de la remise des prix\" aria-describedby=\"gallery-1-286\" srcset=\"https:\/\/www2.adixatex.com\/wp-content\/uploads\/2020\/11\/49204512733_9053a6946c_o-150x150.jpg 150w, https:\/\/www2.adixatex.com\/wp-content\/uploads\/2020\/11\/49204512733_9053a6946c_o-scaled-300x300.jpg 300w, https:\/\/www2.adixatex.com\/wp-content\/uploads\/2020\/11\/49204512733_9053a6946c_o-scaled-100x100.jpg 100w\" sizes=\"(max-width: 150px) 100vw, 150px\" \/>\n\t\t\t<\/dt>\n\t\t\t\t<dd class='wp-caption-text gallery-caption' id='gallery-1-286'>\n\t\t\t\tIgnacio Garrido pendant son intervention lors de la remise des prix\n\t\t\t\t<\/dd><\/dl>\n\t\t\t<br style='clear: both' \/>\n\t\t<\/div>\n\n<p>&nbsp;<\/p>\n<p><strong>Liste des actualit\u00e9s<\/strong>:<\/p>\n<p><a href=\"https:\/\/www.encastillalamancha.es\/economia\/adix-bio-unicorn-incarlopsa-o-joma-recogen-los-premios-al-merito-empresarial-de-clm\/\">www.encastillalamancha.es<\/a><\/p>\n<p><a href=\"https:\/\/www.europapress.es\/castilla-lamancha\/noticia-adix-bio-unicorn-incarlopsa-plastipak-sembrador-dsv-joma-recogen-premios-merito-empresarial-lm-20191211224827.html\">www.europapress.es<\/a><\/p>\n<p><a href=\"https:\/\/entomelloso.com\/clm\/adix-bio-unicorn-incarlopsa-plastipak-el-sembrador-dsv-o-joma-recogen-los-premios-al-merito-empresarial\/\">www.entomelloso.com<\/a><\/p>\n","protected":false},"excerpt":{"rendered":"<p>Ce mercredi 11 d\u00e9cembre, Adix Ingenier\u00eda a \u00e9t\u00e9 r\u00e9compens\u00e9e en tant qu&rsquo;\u00a0\u00bbEntreprise Exportatrice de l&rsquo;ann\u00e9e\u00a0\u00bb lors de la IVe \u00c9dition des Prix MEEM de Castilla-La Mancha.<\/p>\n","protected":false},"author":18,"featured_media":502,"comment_status":"open","ping_status":"open","sticky":false,"template":"","format":"standard","meta":{"footnotes":""},"categories":[2258],"tags":[2259],"class_list":["post-15388","post","type-post","status-publish","format-standard","has-post-thumbnail","hentry","category-blog-fr","tag-actualites-de-lindustrie"],"yoast_head":"<!-- This site is optimized with the Yoast SEO plugin v24.4 - https:\/\/yoast.com\/wordpress\/plugins\/seo\/ -->\n<title>Adix re\u00e7oit le prix de l&#039;Entreprise Exportatrice de l&#039;ann\u00e9e aux Prix du M\u00e9rite Entrepreneurial 2019 - Adixatex<\/title>\n<meta name=\"description\" content=\"Adix Ingenier\u00eda re\u00e7oit le prix de l&#039;Entreprise Exportatrice aux Prix du M\u00e9rite Entrepreneurial de Castilla-La Mancha 2019\" \/>\n<meta name=\"robots\" content=\"noindex, follow, max-snippet:-1, max-image-preview:large, max-video-preview:-1\" \/>\n<meta property=\"og:locale\" content=\"fr_FR\" \/>\n<meta property=\"og:type\" content=\"article\" \/>\n<meta property=\"og:title\" content=\"Adix re\u00e7oit le prix de l&#039;Entreprise Exportatrice de l&#039;ann\u00e9e aux Prix du M\u00e9rite Entrepreneurial 2019 - Adixatex\" \/>\n<meta property=\"og:description\" content=\"Adix Ingenier\u00eda re\u00e7oit le prix de l&#039;Entreprise Exportatrice aux Prix du M\u00e9rite Entrepreneurial de Castilla-La Mancha 2019\" \/>\n<meta property=\"og:url\" content=\"https:\/\/www2.adixatex.com\/adix-ingenieria-recibe-el-galardon-a-empresa-exportadora-en-los-premios-al-merito-empresarial-de-castilla-la-mancha-2019\/\" \/>\n<meta property=\"og:site_name\" content=\"Adixatex\" \/>\n<meta property=\"article:published_time\" content=\"2025-01-21T09:05:55+00:00\" \/>\n<meta property=\"article:modified_time\" content=\"2025-01-29T13:48:28+00:00\" \/>\n<meta property=\"og:image\" content=\"https:\/\/www2.adixatex.com\/wp-content\/uploads\/2020\/11\/49204516068_1b2a3aaebe_o-1-scaled.jpg\" \/>\n\t<meta property=\"og:image:width\" content=\"2560\" \/>\n\t<meta property=\"og:image:height\" content=\"1709\" \/>\n\t<meta property=\"og:image:type\" content=\"image\/jpeg\" \/>\n<meta name=\"author\" content=\"Natalia Herv\u00e1s\" \/>\n<meta name=\"twitter:card\" content=\"summary_large_image\" \/>\n<meta name=\"twitter:creator\" content=\"@adixprotection\" \/>\n<meta name=\"twitter:site\" content=\"@adixprotection\" \/>\n<meta name=\"twitter:label1\" content=\"\u00c9crit par\" \/>\n\t<meta name=\"twitter:data1\" content=\"Natalia Herv\u00e1s\" \/>\n\t<meta name=\"twitter:label2\" content=\"Dur\u00e9e de lecture estim\u00e9e\" \/>\n\t<meta name=\"twitter:data2\" content=\"1 minute\" \/>\n<script type=\"application\/ld+json\" class=\"yoast-schema-graph\">{\"@context\":\"https:\/\/schema.org\",\"@graph\":[{\"@type\":\"WebPage\",\"@id\":\"https:\/\/www2.adixatex.com\/adix-ingenieria-recibe-el-galardon-a-empresa-exportadora-en-los-premios-al-merito-empresarial-de-castilla-la-mancha-2019\/\",\"url\":\"https:\/\/www2.adixatex.com\/adix-ingenieria-recibe-el-galardon-a-empresa-exportadora-en-los-premios-al-merito-empresarial-de-castilla-la-mancha-2019\/\",\"name\":\"Adix re\u00e7oit le prix de l'Entreprise Exportatrice de l'ann\u00e9e aux Prix du M\u00e9rite Entrepreneurial 2019 - Adixatex\",\"isPartOf\":{\"@id\":\"https:\/\/www2.adixatex.com\/#website\"},\"primaryImageOfPage\":{\"@id\":\"https:\/\/www2.adixatex.com\/adix-ingenieria-recibe-el-galardon-a-empresa-exportadora-en-los-premios-al-merito-empresarial-de-castilla-la-mancha-2019\/#primaryimage\"},\"image\":{\"@id\":\"https:\/\/www2.adixatex.com\/adix-ingenieria-recibe-el-galardon-a-empresa-exportadora-en-los-premios-al-merito-empresarial-de-castilla-la-mancha-2019\/#primaryimage\"},\"thumbnailUrl\":\"https:\/\/www2.adixatex.com\/wp-content\/uploads\/2020\/11\/49204516068_1b2a3aaebe_o-1-scaled.jpg\",\"datePublished\":\"2025-01-21T09:05:55+00:00\",\"dateModified\":\"2025-01-29T13:48:28+00:00\",\"author\":{\"@id\":\"https:\/\/www2.adixatex.com\/#\/schema\/person\/0eae078a461bebc9bb298462de95d637\"},\"description\":\"Adix Ingenier\u00eda re\u00e7oit le prix de l'Entreprise Exportatrice aux Prix du M\u00e9rite Entrepreneurial de Castilla-La Mancha 2019\",\"breadcrumb\":{\"@id\":\"https:\/\/www2.adixatex.com\/adix-ingenieria-recibe-el-galardon-a-empresa-exportadora-en-los-premios-al-merito-empresarial-de-castilla-la-mancha-2019\/#breadcrumb\"},\"inLanguage\":\"fr-FR\",\"potentialAction\":[{\"@type\":\"ReadAction\",\"target\":[\"https:\/\/www2.adixatex.com\/adix-ingenieria-recibe-el-galardon-a-empresa-exportadora-en-los-premios-al-merito-empresarial-de-castilla-la-mancha-2019\/\"]}]},{\"@type\":\"ImageObject\",\"inLanguage\":\"fr-FR\",\"@id\":\"https:\/\/www2.adixatex.com\/adix-ingenieria-recibe-el-galardon-a-empresa-exportadora-en-los-premios-al-merito-empresarial-de-castilla-la-mancha-2019\/#primaryimage\",\"url\":\"https:\/\/www2.adixatex.com\/wp-content\/uploads\/2020\/11\/49204516068_1b2a3aaebe_o-1-scaled.jpg\",\"contentUrl\":\"https:\/\/www2.adixatex.com\/wp-content\/uploads\/2020\/11\/49204516068_1b2a3aaebe_o-1-scaled.jpg\",\"width\":2560,\"height\":1709,\"caption\":\"Prix du M\u00e9rite Entrepreneurial 2019\"},{\"@type\":\"BreadcrumbList\",\"@id\":\"https:\/\/www2.adixatex.com\/adix-ingenieria-recibe-el-galardon-a-empresa-exportadora-en-los-premios-al-merito-empresarial-de-castilla-la-mancha-2019\/#breadcrumb\",\"itemListElement\":[{\"@type\":\"ListItem\",\"position\":1,\"name\":\"Accueil\",\"item\":\"https:\/\/www2.adixatex.com\/\"},{\"@type\":\"ListItem\",\"position\":2,\"name\":\"Adix re\u00e7oit le prix de l&#8217;Entreprise Exportatrice de l&#8217;ann\u00e9e aux Prix du M\u00e9rite Entrepreneurial 2019\"}]},{\"@type\":\"WebSite\",\"@id\":\"https:\/\/www2.adixatex.com\/#website\",\"url\":\"https:\/\/www2.adixatex.com\/\",\"name\":\"Adixatex\",\"description\":\"Prevenci\u00f3n y protecci\u00f3n de atm\u00f3sferas explosivas\",\"inLanguage\":\"fr-FR\"},{\"@type\":\"Person\",\"@id\":\"https:\/\/www2.adixatex.com\/#\/schema\/person\/0eae078a461bebc9bb298462de95d637\",\"name\":\"Natalia Herv\u00e1s\",\"image\":{\"@type\":\"ImageObject\",\"inLanguage\":\"fr-FR\",\"@id\":\"https:\/\/www2.adixatex.com\/#\/schema\/person\/image\/\",\"url\":\"https:\/\/secure.gravatar.com\/avatar\/6f01c4e7b3efca647d45e75d2bed9993?s=96&d=mm&r=g\",\"contentUrl\":\"https:\/\/secure.gravatar.com\/avatar\/6f01c4e7b3efca647d45e75d2bed9993?s=96&d=mm&r=g\",\"caption\":\"Natalia Herv\u00e1s\"},\"url\":\"https:\/\/www2.adixatex.com\/fr\/author\/natalia-hervas\/\"}]}<\/script>\n<!-- \/ Yoast SEO plugin. -->","yoast_head_json":{"title":"Adix re\u00e7oit le prix de l'Entreprise Exportatrice de l'ann\u00e9e aux Prix du M\u00e9rite Entrepreneurial 2019 - Adixatex","description":"Adix Ingenier\u00eda re\u00e7oit le prix de l'Entreprise Exportatrice aux Prix du M\u00e9rite Entrepreneurial de Castilla-La Mancha 2019","robots":{"index":"noindex","follow":"follow","max-snippet":"max-snippet:-1","max-image-preview":"max-image-preview:large","max-video-preview":"max-video-preview:-1"},"og_locale":"fr_FR","og_type":"article","og_title":"Adix re\u00e7oit le prix de l'Entreprise Exportatrice de l'ann\u00e9e aux Prix du M\u00e9rite Entrepreneurial 2019 - Adixatex","og_description":"Adix Ingenier\u00eda re\u00e7oit le prix de l'Entreprise Exportatrice aux Prix du M\u00e9rite Entrepreneurial de Castilla-La Mancha 2019","og_url":"https:\/\/www2.adixatex.com\/adix-ingenieria-recibe-el-galardon-a-empresa-exportadora-en-los-premios-al-merito-empresarial-de-castilla-la-mancha-2019\/","og_site_name":"Adixatex","article_published_time":"2025-01-21T09:05:55+00:00","article_modified_time":"2025-01-29T13:48:28+00:00","og_image":[{"width":2560,"height":1709,"url":"https:\/\/www2.adixatex.com\/wp-content\/uploads\/2020\/11\/49204516068_1b2a3aaebe_o-1-scaled.jpg","type":"image\/jpeg"}],"author":"Natalia Herv\u00e1s","twitter_card":"summary_large_image","twitter_creator":"@adixprotection","twitter_site":"@adixprotection","twitter_misc":{"\u00c9crit par":"Natalia Herv\u00e1s","Dur\u00e9e de lecture estim\u00e9e":"1 minute"},"schema":{"@context":"https:\/\/schema.org","@graph":[{"@type":"WebPage","@id":"https:\/\/www2.adixatex.com\/adix-ingenieria-recibe-el-galardon-a-empresa-exportadora-en-los-premios-al-merito-empresarial-de-castilla-la-mancha-2019\/","url":"https:\/\/www2.adixatex.com\/adix-ingenieria-recibe-el-galardon-a-empresa-exportadora-en-los-premios-al-merito-empresarial-de-castilla-la-mancha-2019\/","name":"Adix re\u00e7oit le prix de l'Entreprise Exportatrice de l'ann\u00e9e aux Prix du M\u00e9rite Entrepreneurial 2019 - Adixatex","isPartOf":{"@id":"https:\/\/www2.adixatex.com\/#website"},"primaryImageOfPage":{"@id":"https:\/\/www2.adixatex.com\/adix-ingenieria-recibe-el-galardon-a-empresa-exportadora-en-los-premios-al-merito-empresarial-de-castilla-la-mancha-2019\/#primaryimage"},"image":{"@id":"https:\/\/www2.adixatex.com\/adix-ingenieria-recibe-el-galardon-a-empresa-exportadora-en-los-premios-al-merito-empresarial-de-castilla-la-mancha-2019\/#primaryimage"},"thumbnailUrl":"https:\/\/www2.adixatex.com\/wp-content\/uploads\/2020\/11\/49204516068_1b2a3aaebe_o-1-scaled.jpg","datePublished":"2025-01-21T09:05:55+00:00","dateModified":"2025-01-29T13:48:28+00:00","author":{"@id":"https:\/\/www2.adixatex.com\/#\/schema\/person\/0eae078a461bebc9bb298462de95d637"},"description":"Adix Ingenier\u00eda re\u00e7oit le prix de l'Entreprise Exportatrice aux Prix du M\u00e9rite Entrepreneurial de Castilla-La Mancha 2019","breadcrumb":{"@id":"https:\/\/www2.adixatex.com\/adix-ingenieria-recibe-el-galardon-a-empresa-exportadora-en-los-premios-al-merito-empresarial-de-castilla-la-mancha-2019\/#breadcrumb"},"inLanguage":"fr-FR","potentialAction":[{"@type":"ReadAction","target":["https:\/\/www2.adixatex.com\/adix-ingenieria-recibe-el-galardon-a-empresa-exportadora-en-los-premios-al-merito-empresarial-de-castilla-la-mancha-2019\/"]}]},{"@type":"ImageObject","inLanguage":"fr-FR","@id":"https:\/\/www2.adixatex.com\/adix-ingenieria-recibe-el-galardon-a-empresa-exportadora-en-los-premios-al-merito-empresarial-de-castilla-la-mancha-2019\/#primaryimage","url":"https:\/\/www2.adixatex.com\/wp-content\/uploads\/2020\/11\/49204516068_1b2a3aaebe_o-1-scaled.jpg","contentUrl":"https:\/\/www2.adixatex.com\/wp-content\/uploads\/2020\/11\/49204516068_1b2a3aaebe_o-1-scaled.jpg","width":2560,"height":1709,"caption":"Prix du M\u00e9rite Entrepreneurial 2019"},{"@type":"BreadcrumbList","@id":"https:\/\/www2.adixatex.com\/adix-ingenieria-recibe-el-galardon-a-empresa-exportadora-en-los-premios-al-merito-empresarial-de-castilla-la-mancha-2019\/#breadcrumb","itemListElement":[{"@type":"ListItem","position":1,"name":"Accueil","item":"https:\/\/www2.adixatex.com\/"},{"@type":"ListItem","position":2,"name":"Adix re\u00e7oit le prix de l&#8217;Entreprise Exportatrice de l&#8217;ann\u00e9e aux Prix du M\u00e9rite Entrepreneurial 2019"}]},{"@type":"WebSite","@id":"https:\/\/www2.adixatex.com\/#website","url":"https:\/\/www2.adixatex.com\/","name":"Adixatex","description":"Prevenci\u00f3n y protecci\u00f3n de atm\u00f3sferas explosivas","inLanguage":"fr-FR"},{"@type":"Person","@id":"https:\/\/www2.adixatex.com\/#\/schema\/person\/0eae078a461bebc9bb298462de95d637","name":"Natalia Herv\u00e1s","image":{"@type":"ImageObject","inLanguage":"fr-FR","@id":"https:\/\/www2.adixatex.com\/#\/schema\/person\/image\/","url":"https:\/\/secure.gravatar.com\/avatar\/6f01c4e7b3efca647d45e75d2bed9993?s=96&d=mm&r=g","contentUrl":"https:\/\/secure.gravatar.com\/avatar\/6f01c4e7b3efca647d45e75d2bed9993?s=96&d=mm&r=g","caption":"Natalia Herv\u00e1s"},"url":"https:\/\/www2.adixatex.com\/fr\/author\/natalia-hervas\/"}]}},"_links":{"self":[{"href":"https:\/\/www2.adixatex.com\/fr\/wp-json\/wp\/v2\/posts\/15388","targetHints":{"allow":["GET"]}}],"collection":[{"href":"https:\/\/www2.adixatex.com\/fr\/wp-json\/wp\/v2\/posts"}],"about":[{"href":"https:\/\/www2.adixatex.com\/fr\/wp-json\/wp\/v2\/types\/post"}],"author":[{"embeddable":true,"href":"https:\/\/www2.adixatex.com\/fr\/wp-json\/wp\/v2\/users\/18"}],"replies":[{"embeddable":true,"href":"https:\/\/www2.adixatex.com\/fr\/wp-json\/wp\/v2\/comments?post=15388"}],"version-history":[{"count":3,"href":"https:\/\/www2.adixatex.com\/fr\/wp-json\/wp\/v2\/posts\/15388\/revisions"}],"predecessor-version":[{"id":15575,"href":"https:\/\/www2.adixatex.com\/fr\/wp-json\/wp\/v2\/posts\/15388\/revisions\/15575"}],"wp:featuredmedia":[{"embeddable":true,"href":"https:\/\/www2.adixatex.com\/fr\/wp-json\/wp\/v2\/media\/502"}],"wp:attachment":[{"href":"https:\/\/www2.adixatex.com\/fr\/wp-json\/wp\/v2\/media?parent=15388"}],"wp:term":[{"taxonomy":"category","embeddable":true,"href":"https:\/\/www2.adixatex.com\/fr\/wp-json\/wp\/v2\/categories?post=15388"},{"taxonomy":"post_tag","embeddable":true,"href":"https:\/\/www2.adixatex.com\/fr\/wp-json\/wp\/v2\/tags?post=15388"}],"curies":[{"name":"wp","href":"https:\/\/api.w.org\/{rel}","templated":true}]}}