{"id":15454,"date":"2019-11-12T15:30:21","date_gmt":"2019-11-12T14:30:21","guid":{"rendered":"https:\/\/adixatex.com\/adix-ingegneria-riceve-il-premio-di-impresa-esportatrice-dellanno-ai-premi-al-merito-imprenditoriale-di-castilla-la-mancha-2019\/"},"modified":"2025-01-29T15:05:36","modified_gmt":"2025-01-29T14:05:36","slug":"adix-riceve-il-premio-di-impresa-esportatrice-dellanno-ai-premi-al-merito-imprenditoriale-di-castilla-la-mancha-2019","status":"publish","type":"post","link":"https:\/\/www2.adixatex.com\/it\/adix-riceve-il-premio-di-impresa-esportatrice-dellanno-ai-premi-al-merito-imprenditoriale-di-castilla-la-mancha-2019\/","title":{"rendered":"Adix riceve il premio di &#8220;Impresa Esportatrice dell&#8217;Anno&#8221; ai Premi al Merito Imprenditoriale di Castilla-La Mancha 2019"},"content":{"rendered":"<h4>Mercoled\u00ec 11 dicembre, <strong>Adix Ingegneria<\/strong> \u00e8 stata premiata come &#8220;Impresa Esportatrice dell&#8217;Anno&#8221; nella IV Edizione dei Premi MEEM di Castilla-La Mancha.<\/h4>\n<p><!--more--><\/p>\n<p>La cerimonia di premiazione si \u00e8 svolta a Los Y\u00e9benes (Toledo), dove il direttore di Adix, <strong>Ignacio Garrido<\/strong>, ha ricevuto il riconoscimento direttamente dalle mani di <strong>Emiliano Garc\u00eda-Page<\/strong>, presidente di Castilla-La Mancha.<\/p>\n<p>Durante l&#8217;evento, Garrido ha preso la parola a nome di tutti i premiati, ringraziando per l&#8217;impegno e il supporto delle istituzioni. Nel suo intervento, ha fatto un riferimento speciale alle famiglie che sono dietro le aziende e al loro importante sostegno quotidiano. Ha anche voluto sottolineare l&#8217;importanza dell&#8217;export, dichiarando che &#8220;non \u00e8 una questione che ci piaccia o no, \u00e8 che il potere della globalizzazione \u00e8 tale che, o ci adattiamo, o ci adattano&#8221;.<\/p>\n<p>Questo premio rappresenta un riconoscimento prezioso per l&#8217;impegno imprenditoriale di <strong>Adix<\/strong> e un incentivo a continuare a lavorare, sviluppare e migliorare i suoi prodotti e servizi per i clienti di tutto il mondo.<\/p>\n\n\t\t<style type=\"text\/css\">\n\t\t\t#gallery-1 {\n\t\t\t\tmargin: auto;\n\t\t\t}\n\t\t\t#gallery-1 .gallery-item {\n\t\t\t\tfloat: left;\n\t\t\t\tmargin-top: 10px;\n\t\t\t\ttext-align: center;\n\t\t\t\twidth: 50%;\n\t\t\t}\n\t\t\t#gallery-1 img {\n\t\t\t\tborder: 2px solid #cfcfcf;\n\t\t\t}\n\t\t\t#gallery-1 .gallery-caption {\n\t\t\t\tmargin-left: 0;\n\t\t\t}\n\t\t\t\/* see gallery_shortcode() in wp-includes\/media.php *\/\n\t\t<\/style>\n\t\t<div id='gallery-1' class='gallery galleryid-15454 gallery-columns-2 gallery-size-thumbnail'><dl class='gallery-item'>\n\t\t\t<dt class='gallery-icon portrait'>\n\t\t\t\t<img decoding=\"async\" width=\"150\" height=\"150\" src=\"https:\/\/www2.adixatex.com\/wp-content\/uploads\/2020\/11\/Skype_Picture_2019_12_13T10_06_49_543Z-e1576844555545-150x150.jpeg\" class=\"attachment-thumbnail size-thumbnail\" alt=\"Emiliano Garc\u00eda-Page, presidente di Castilla-La Mancha, e Ignacio Garrido Ceca, direttore di Adix\" aria-describedby=\"gallery-1-320\" srcset=\"https:\/\/www2.adixatex.com\/wp-content\/uploads\/2020\/11\/Skype_Picture_2019_12_13T10_06_49_543Z-e1576844555545-150x150.jpeg 150w, https:\/\/www2.adixatex.com\/wp-content\/uploads\/2020\/11\/Skype_Picture_2019_12_13T10_06_49_543Z-e1576844555545-scaled-300x300.jpeg 300w, https:\/\/www2.adixatex.com\/wp-content\/uploads\/2020\/11\/Skype_Picture_2019_12_13T10_06_49_543Z-e1576844555545-scaled-100x100.jpeg 100w\" sizes=\"(max-width: 150px) 100vw, 150px\" \/>\n\t\t\t<\/dt>\n\t\t\t\t<dd class='wp-caption-text gallery-caption' id='gallery-1-320'>\n\t\t\t\tEmiliano Garc\u00eda-Page, presidente di Castilla-La Mancha, e Ignacio Garrido Ceca, direttore di Adix\n\t\t\t\t<\/dd><\/dl><dl class='gallery-item'>\n\t\t\t<dt class='gallery-icon portrait'>\n\t\t\t\t<img decoding=\"async\" width=\"150\" height=\"150\" src=\"https:\/\/www2.adixatex.com\/wp-content\/uploads\/2020\/11\/Skype_Picture_2019_12_13T10_06_41_313Z-e1576844537561-150x150.jpeg\" class=\"attachment-thumbnail size-thumbnail\" alt=\"Adix insieme a Patricia Franco\" aria-describedby=\"gallery-1-312\" srcset=\"https:\/\/www2.adixatex.com\/wp-content\/uploads\/2020\/11\/Skype_Picture_2019_12_13T10_06_41_313Z-e1576844537561-150x150.jpeg 150w, https:\/\/www2.adixatex.com\/wp-content\/uploads\/2020\/11\/Skype_Picture_2019_12_13T10_06_41_313Z-e1576844537561-scaled-300x300.jpeg 300w, https:\/\/www2.adixatex.com\/wp-content\/uploads\/2020\/11\/Skype_Picture_2019_12_13T10_06_41_313Z-e1576844537561-scaled-100x100.jpeg 100w\" sizes=\"(max-width: 150px) 100vw, 150px\" \/>\n\t\t\t<\/dt>\n\t\t\t\t<dd class='wp-caption-text gallery-caption' id='gallery-1-312'>\n\t\t\t\tAdix insieme a Patricia Franco\n\t\t\t\t<\/dd><\/dl><br style=\"clear: both\" \/><dl class='gallery-item'>\n\t\t\t<dt class='gallery-icon landscape'>\n\t\t\t\t<img decoding=\"async\" width=\"150\" height=\"150\" src=\"https:\/\/www2.adixatex.com\/wp-content\/uploads\/2020\/11\/49205577077_9b08c5289e_o-150x150.jpg\" class=\"attachment-thumbnail size-thumbnail\" alt=\"Il team di Adix e Emiliano Garc\u00eda-Page\" aria-describedby=\"gallery-1-304\" srcset=\"https:\/\/www2.adixatex.com\/wp-content\/uploads\/2020\/11\/49205577077_9b08c5289e_o-150x150.jpg 150w, https:\/\/www2.adixatex.com\/wp-content\/uploads\/2020\/11\/49205577077_9b08c5289e_o-scaled-300x300.jpg 300w, https:\/\/www2.adixatex.com\/wp-content\/uploads\/2020\/11\/49205577077_9b08c5289e_o-scaled-100x100.jpg 100w\" sizes=\"(max-width: 150px) 100vw, 150px\" \/>\n\t\t\t<\/dt>\n\t\t\t\t<dd class='wp-caption-text gallery-caption' id='gallery-1-304'>\n\t\t\t\tIl team di Adix e Emiliano Garc\u00eda-Page\n\t\t\t\t<\/dd><\/dl><dl class='gallery-item'>\n\t\t\t<dt class='gallery-icon landscape'>\n\t\t\t\t<img loading=\"lazy\" decoding=\"async\" width=\"150\" height=\"150\" src=\"https:\/\/www2.adixatex.com\/wp-content\/uploads\/2020\/11\/49205212557_f121a8119c_o-150x150.jpg\" class=\"attachment-thumbnail size-thumbnail\" alt=\"Esibizione ai Premi MEEM 2019\" aria-describedby=\"gallery-1-296\" srcset=\"https:\/\/www2.adixatex.com\/wp-content\/uploads\/2020\/11\/49205212557_f121a8119c_o-150x150.jpg 150w, https:\/\/www2.adixatex.com\/wp-content\/uploads\/2020\/11\/49205212557_f121a8119c_o-scaled-300x300.jpg 300w, https:\/\/www2.adixatex.com\/wp-content\/uploads\/2020\/11\/49205212557_f121a8119c_o-scaled-100x100.jpg 100w\" sizes=\"(max-width: 150px) 100vw, 150px\" \/>\n\t\t\t<\/dt>\n\t\t\t\t<dd class='wp-caption-text gallery-caption' id='gallery-1-296'>\n\t\t\t\tEsibizione ai Premi MEEM 2019\n\t\t\t\t<\/dd><\/dl><br style=\"clear: both\" \/><dl class='gallery-item'>\n\t\t\t<dt class='gallery-icon landscape'>\n\t\t\t\t<img loading=\"lazy\" decoding=\"async\" width=\"150\" height=\"150\" src=\"https:\/\/www2.adixatex.com\/wp-content\/uploads\/2020\/11\/49204512733_9053a6946c_o-150x150.jpg\" class=\"attachment-thumbnail size-thumbnail\" alt=\"Ignacio Garrido ai Premi MEEM 2019\" aria-describedby=\"gallery-1-288\" srcset=\"https:\/\/www2.adixatex.com\/wp-content\/uploads\/2020\/11\/49204512733_9053a6946c_o-150x150.jpg 150w, https:\/\/www2.adixatex.com\/wp-content\/uploads\/2020\/11\/49204512733_9053a6946c_o-scaled-300x300.jpg 300w, https:\/\/www2.adixatex.com\/wp-content\/uploads\/2020\/11\/49204512733_9053a6946c_o-scaled-100x100.jpg 100w\" sizes=\"(max-width: 150px) 100vw, 150px\" \/>\n\t\t\t<\/dt>\n\t\t\t\t<dd class='wp-caption-text gallery-caption' id='gallery-1-288'>\n\t\t\t\tIgnacio Garrido ai Premi MEEM 2019\n\t\t\t\t<\/dd><\/dl>\n\t\t\t<br style='clear: both' \/>\n\t\t<\/div>\n\n<p><strong>Rassegna Stampa<\/strong>:<br \/>\nwww.encastillalamancha.es<br \/>\nwww.europapress.es<br \/>\n<a href=\"http:\/\/www.entomelloso.com\">www.entomelloso.com<\/a><\/p>\n<p>&nbsp;<\/p>\n","protected":false},"excerpt":{"rendered":"<p>Mercoled\u00ec 11 dicembre, Adix Ingegneria \u00e8 stata premiata come &#8220;Impresa Esportatrice dell&#8217;Anno&#8221; nella IV Edizione dei Premi MEEM di Castilla-La Mancha.<\/p>\n","protected":false},"author":18,"featured_media":504,"comment_status":"open","ping_status":"open","sticky":false,"template":"","format":"standard","meta":{"footnotes":""},"categories":[2264],"tags":[2265],"class_list":["post-15454","post","type-post","status-publish","format-standard","has-post-thumbnail","hentry","category-blog-it","tag-notizie-dellindustria"],"yoast_head":"<!-- This site is optimized with the Yoast SEO plugin v24.4 - https:\/\/yoast.com\/wordpress\/plugins\/seo\/ -->\n<title>Adix riceve il premio di &quot;Impresa Esportatrice dell&#039;Anno&quot; ai Premi al Merito Imprenditoriale di Castilla-La Mancha 2019 - Adixatex<\/title>\n<meta name=\"description\" content=\"Adix Ingegneria riceve il premio di Impresa Esportatrice ai Premi al Merito Imprenditoriale di Castilla-La Mancha 2019\" \/>\n<meta name=\"robots\" content=\"noindex, follow, max-snippet:-1, max-image-preview:large, max-video-preview:-1\" \/>\n<meta property=\"og:locale\" content=\"it_IT\" \/>\n<meta property=\"og:type\" content=\"article\" \/>\n<meta property=\"og:title\" content=\"Adix riceve il premio di &quot;Impresa Esportatrice dell&#039;Anno&quot; ai Premi al Merito Imprenditoriale di Castilla-La Mancha 2019 - Adixatex\" \/>\n<meta property=\"og:description\" content=\"Adix Ingegneria riceve il premio di Impresa Esportatrice ai Premi al Merito Imprenditoriale di Castilla-La Mancha 2019\" \/>\n<meta property=\"og:url\" content=\"https:\/\/www2.adixatex.com\/adix-ingenieria-recibe-el-galardon-a-empresa-exportadora-en-los-premios-al-merito-empresarial-de-castilla-la-mancha-2019\/\" \/>\n<meta property=\"og:site_name\" content=\"Adixatex\" \/>\n<meta property=\"article:published_time\" content=\"2019-11-12T14:30:21+00:00\" \/>\n<meta property=\"article:modified_time\" content=\"2025-01-29T14:05:36+00:00\" \/>\n<meta property=\"og:image\" content=\"https:\/\/www2.adixatex.com\/wp-content\/uploads\/2020\/11\/49204516068_1b2a3aaebe_o-1-scaled.jpg\" \/>\n\t<meta property=\"og:image:width\" content=\"2560\" \/>\n\t<meta property=\"og:image:height\" content=\"1709\" \/>\n\t<meta property=\"og:image:type\" content=\"image\/jpeg\" \/>\n<meta name=\"author\" content=\"Natalia Herv\u00e1s\" \/>\n<meta name=\"twitter:card\" content=\"summary_large_image\" \/>\n<meta name=\"twitter:creator\" content=\"@adixprotection\" \/>\n<meta name=\"twitter:site\" content=\"@adixprotection\" \/>\n<meta name=\"twitter:label1\" content=\"Scritto da\" \/>\n\t<meta name=\"twitter:data1\" content=\"Natalia Herv\u00e1s\" \/>\n\t<meta name=\"twitter:label2\" content=\"Tempo di lettura stimato\" \/>\n\t<meta name=\"twitter:data2\" content=\"1 minuto\" \/>\n<script type=\"application\/ld+json\" class=\"yoast-schema-graph\">{\"@context\":\"https:\/\/schema.org\",\"@graph\":[{\"@type\":\"WebPage\",\"@id\":\"https:\/\/www2.adixatex.com\/adix-ingenieria-recibe-el-galardon-a-empresa-exportadora-en-los-premios-al-merito-empresarial-de-castilla-la-mancha-2019\/\",\"url\":\"https:\/\/www2.adixatex.com\/adix-ingenieria-recibe-el-galardon-a-empresa-exportadora-en-los-premios-al-merito-empresarial-de-castilla-la-mancha-2019\/\",\"name\":\"Adix riceve il premio di \\\"Impresa Esportatrice dell'Anno\\\" ai Premi al Merito Imprenditoriale di Castilla-La Mancha 2019 - Adixatex\",\"isPartOf\":{\"@id\":\"https:\/\/www2.adixatex.com\/#website\"},\"primaryImageOfPage\":{\"@id\":\"https:\/\/www2.adixatex.com\/adix-ingenieria-recibe-el-galardon-a-empresa-exportadora-en-los-premios-al-merito-empresarial-de-castilla-la-mancha-2019\/#primaryimage\"},\"image\":{\"@id\":\"https:\/\/www2.adixatex.com\/adix-ingenieria-recibe-el-galardon-a-empresa-exportadora-en-los-premios-al-merito-empresarial-de-castilla-la-mancha-2019\/#primaryimage\"},\"thumbnailUrl\":\"https:\/\/www2.adixatex.com\/wp-content\/uploads\/2020\/11\/49204516068_1b2a3aaebe_o-1-scaled.jpg\",\"datePublished\":\"2019-11-12T14:30:21+00:00\",\"dateModified\":\"2025-01-29T14:05:36+00:00\",\"author\":{\"@id\":\"https:\/\/www2.adixatex.com\/#\/schema\/person\/0eae078a461bebc9bb298462de95d637\"},\"description\":\"Adix Ingegneria riceve il premio di Impresa Esportatrice ai Premi al Merito Imprenditoriale di Castilla-La Mancha 2019\",\"breadcrumb\":{\"@id\":\"https:\/\/www2.adixatex.com\/adix-ingenieria-recibe-el-galardon-a-empresa-exportadora-en-los-premios-al-merito-empresarial-de-castilla-la-mancha-2019\/#breadcrumb\"},\"inLanguage\":\"it-IT\",\"potentialAction\":[{\"@type\":\"ReadAction\",\"target\":[\"https:\/\/www2.adixatex.com\/adix-ingenieria-recibe-el-galardon-a-empresa-exportadora-en-los-premios-al-merito-empresarial-de-castilla-la-mancha-2019\/\"]}]},{\"@type\":\"ImageObject\",\"inLanguage\":\"it-IT\",\"@id\":\"https:\/\/www2.adixatex.com\/adix-ingenieria-recibe-el-galardon-a-empresa-exportadora-en-los-premios-al-merito-empresarial-de-castilla-la-mancha-2019\/#primaryimage\",\"url\":\"https:\/\/www2.adixatex.com\/wp-content\/uploads\/2020\/11\/49204516068_1b2a3aaebe_o-1-scaled.jpg\",\"contentUrl\":\"https:\/\/www2.adixatex.com\/wp-content\/uploads\/2020\/11\/49204516068_1b2a3aaebe_o-1-scaled.jpg\",\"width\":2560,\"height\":1709,\"caption\":\"Premio al Merito Imprenditoriale 2019\"},{\"@type\":\"BreadcrumbList\",\"@id\":\"https:\/\/www2.adixatex.com\/adix-ingenieria-recibe-el-galardon-a-empresa-exportadora-en-los-premios-al-merito-empresarial-de-castilla-la-mancha-2019\/#breadcrumb\",\"itemListElement\":[{\"@type\":\"ListItem\",\"position\":1,\"name\":\"Home\",\"item\":\"https:\/\/www2.adixatex.com\/\"},{\"@type\":\"ListItem\",\"position\":2,\"name\":\"Adix riceve il premio di \u00abImpresa Esportatrice dell&#8217;Anno\u00bb ai Premi al Merito Imprenditoriale di Castilla-La Mancha 2019\"}]},{\"@type\":\"WebSite\",\"@id\":\"https:\/\/www2.adixatex.com\/#website\",\"url\":\"https:\/\/www2.adixatex.com\/\",\"name\":\"Adixatex\",\"description\":\"Prevenci\u00f3n y protecci\u00f3n de atm\u00f3sferas explosivas\",\"inLanguage\":\"it-IT\"},{\"@type\":\"Person\",\"@id\":\"https:\/\/www2.adixatex.com\/#\/schema\/person\/0eae078a461bebc9bb298462de95d637\",\"name\":\"Natalia Herv\u00e1s\",\"image\":{\"@type\":\"ImageObject\",\"inLanguage\":\"it-IT\",\"@id\":\"https:\/\/www2.adixatex.com\/#\/schema\/person\/image\/\",\"url\":\"https:\/\/secure.gravatar.com\/avatar\/6f01c4e7b3efca647d45e75d2bed9993?s=96&d=mm&r=g\",\"contentUrl\":\"https:\/\/secure.gravatar.com\/avatar\/6f01c4e7b3efca647d45e75d2bed9993?s=96&d=mm&r=g\",\"caption\":\"Natalia Herv\u00e1s\"},\"url\":\"https:\/\/www2.adixatex.com\/it\/author\/natalia-hervas\/\"}]}<\/script>\n<!-- \/ Yoast SEO plugin. -->","yoast_head_json":{"title":"Adix riceve il premio di \"Impresa Esportatrice dell'Anno\" ai Premi al Merito Imprenditoriale di Castilla-La Mancha 2019 - Adixatex","description":"Adix Ingegneria riceve il premio di Impresa Esportatrice ai Premi al Merito Imprenditoriale di Castilla-La Mancha 2019","robots":{"index":"noindex","follow":"follow","max-snippet":"max-snippet:-1","max-image-preview":"max-image-preview:large","max-video-preview":"max-video-preview:-1"},"og_locale":"it_IT","og_type":"article","og_title":"Adix riceve il premio di \"Impresa Esportatrice dell'Anno\" ai Premi al Merito Imprenditoriale di Castilla-La Mancha 2019 - Adixatex","og_description":"Adix Ingegneria riceve il premio di Impresa Esportatrice ai Premi al Merito Imprenditoriale di Castilla-La Mancha 2019","og_url":"https:\/\/www2.adixatex.com\/adix-ingenieria-recibe-el-galardon-a-empresa-exportadora-en-los-premios-al-merito-empresarial-de-castilla-la-mancha-2019\/","og_site_name":"Adixatex","article_published_time":"2019-11-12T14:30:21+00:00","article_modified_time":"2025-01-29T14:05:36+00:00","og_image":[{"width":2560,"height":1709,"url":"https:\/\/www2.adixatex.com\/wp-content\/uploads\/2020\/11\/49204516068_1b2a3aaebe_o-1-scaled.jpg","type":"image\/jpeg"}],"author":"Natalia Herv\u00e1s","twitter_card":"summary_large_image","twitter_creator":"@adixprotection","twitter_site":"@adixprotection","twitter_misc":{"Scritto da":"Natalia Herv\u00e1s","Tempo di lettura stimato":"1 minuto"},"schema":{"@context":"https:\/\/schema.org","@graph":[{"@type":"WebPage","@id":"https:\/\/www2.adixatex.com\/adix-ingenieria-recibe-el-galardon-a-empresa-exportadora-en-los-premios-al-merito-empresarial-de-castilla-la-mancha-2019\/","url":"https:\/\/www2.adixatex.com\/adix-ingenieria-recibe-el-galardon-a-empresa-exportadora-en-los-premios-al-merito-empresarial-de-castilla-la-mancha-2019\/","name":"Adix riceve il premio di \"Impresa Esportatrice dell'Anno\" ai Premi al Merito Imprenditoriale di Castilla-La Mancha 2019 - Adixatex","isPartOf":{"@id":"https:\/\/www2.adixatex.com\/#website"},"primaryImageOfPage":{"@id":"https:\/\/www2.adixatex.com\/adix-ingenieria-recibe-el-galardon-a-empresa-exportadora-en-los-premios-al-merito-empresarial-de-castilla-la-mancha-2019\/#primaryimage"},"image":{"@id":"https:\/\/www2.adixatex.com\/adix-ingenieria-recibe-el-galardon-a-empresa-exportadora-en-los-premios-al-merito-empresarial-de-castilla-la-mancha-2019\/#primaryimage"},"thumbnailUrl":"https:\/\/www2.adixatex.com\/wp-content\/uploads\/2020\/11\/49204516068_1b2a3aaebe_o-1-scaled.jpg","datePublished":"2019-11-12T14:30:21+00:00","dateModified":"2025-01-29T14:05:36+00:00","author":{"@id":"https:\/\/www2.adixatex.com\/#\/schema\/person\/0eae078a461bebc9bb298462de95d637"},"description":"Adix Ingegneria riceve il premio di Impresa Esportatrice ai Premi al Merito Imprenditoriale di Castilla-La Mancha 2019","breadcrumb":{"@id":"https:\/\/www2.adixatex.com\/adix-ingenieria-recibe-el-galardon-a-empresa-exportadora-en-los-premios-al-merito-empresarial-de-castilla-la-mancha-2019\/#breadcrumb"},"inLanguage":"it-IT","potentialAction":[{"@type":"ReadAction","target":["https:\/\/www2.adixatex.com\/adix-ingenieria-recibe-el-galardon-a-empresa-exportadora-en-los-premios-al-merito-empresarial-de-castilla-la-mancha-2019\/"]}]},{"@type":"ImageObject","inLanguage":"it-IT","@id":"https:\/\/www2.adixatex.com\/adix-ingenieria-recibe-el-galardon-a-empresa-exportadora-en-los-premios-al-merito-empresarial-de-castilla-la-mancha-2019\/#primaryimage","url":"https:\/\/www2.adixatex.com\/wp-content\/uploads\/2020\/11\/49204516068_1b2a3aaebe_o-1-scaled.jpg","contentUrl":"https:\/\/www2.adixatex.com\/wp-content\/uploads\/2020\/11\/49204516068_1b2a3aaebe_o-1-scaled.jpg","width":2560,"height":1709,"caption":"Premio al Merito Imprenditoriale 2019"},{"@type":"BreadcrumbList","@id":"https:\/\/www2.adixatex.com\/adix-ingenieria-recibe-el-galardon-a-empresa-exportadora-en-los-premios-al-merito-empresarial-de-castilla-la-mancha-2019\/#breadcrumb","itemListElement":[{"@type":"ListItem","position":1,"name":"Home","item":"https:\/\/www2.adixatex.com\/"},{"@type":"ListItem","position":2,"name":"Adix riceve il premio di \u00abImpresa Esportatrice dell&#8217;Anno\u00bb ai Premi al Merito Imprenditoriale di Castilla-La Mancha 2019"}]},{"@type":"WebSite","@id":"https:\/\/www2.adixatex.com\/#website","url":"https:\/\/www2.adixatex.com\/","name":"Adixatex","description":"Prevenci\u00f3n y protecci\u00f3n de atm\u00f3sferas explosivas","inLanguage":"it-IT"},{"@type":"Person","@id":"https:\/\/www2.adixatex.com\/#\/schema\/person\/0eae078a461bebc9bb298462de95d637","name":"Natalia Herv\u00e1s","image":{"@type":"ImageObject","inLanguage":"it-IT","@id":"https:\/\/www2.adixatex.com\/#\/schema\/person\/image\/","url":"https:\/\/secure.gravatar.com\/avatar\/6f01c4e7b3efca647d45e75d2bed9993?s=96&d=mm&r=g","contentUrl":"https:\/\/secure.gravatar.com\/avatar\/6f01c4e7b3efca647d45e75d2bed9993?s=96&d=mm&r=g","caption":"Natalia Herv\u00e1s"},"url":"https:\/\/www2.adixatex.com\/it\/author\/natalia-hervas\/"}]}},"_links":{"self":[{"href":"https:\/\/www2.adixatex.com\/it\/wp-json\/wp\/v2\/posts\/15454","targetHints":{"allow":["GET"]}}],"collection":[{"href":"https:\/\/www2.adixatex.com\/it\/wp-json\/wp\/v2\/posts"}],"about":[{"href":"https:\/\/www2.adixatex.com\/it\/wp-json\/wp\/v2\/types\/post"}],"author":[{"embeddable":true,"href":"https:\/\/www2.adixatex.com\/it\/wp-json\/wp\/v2\/users\/18"}],"replies":[{"embeddable":true,"href":"https:\/\/www2.adixatex.com\/it\/wp-json\/wp\/v2\/comments?post=15454"}],"version-history":[{"count":2,"href":"https:\/\/www2.adixatex.com\/it\/wp-json\/wp\/v2\/posts\/15454\/revisions"}],"predecessor-version":[{"id":15499,"href":"https:\/\/www2.adixatex.com\/it\/wp-json\/wp\/v2\/posts\/15454\/revisions\/15499"}],"wp:featuredmedia":[{"embeddable":true,"href":"https:\/\/www2.adixatex.com\/it\/wp-json\/wp\/v2\/media\/504"}],"wp:attachment":[{"href":"https:\/\/www2.adixatex.com\/it\/wp-json\/wp\/v2\/media?parent=15454"}],"wp:term":[{"taxonomy":"category","embeddable":true,"href":"https:\/\/www2.adixatex.com\/it\/wp-json\/wp\/v2\/categories?post=15454"},{"taxonomy":"post_tag","embeddable":true,"href":"https:\/\/www2.adixatex.com\/it\/wp-json\/wp\/v2\/tags?post=15454"}],"curies":[{"name":"wp","href":"https:\/\/api.w.org\/{rel}","templated":true}]}}