{"id":15521,"date":"2025-01-29T07:28:18","date_gmt":"2025-01-29T06:28:18","guid":{"rendered":"https:\/\/adixatex.com\/adix-recebe-o-premio-de-empresa-exportadora-do-ano-no-premios-ao-merito-empresarial-de-castilla-la-mancha-2019\/"},"modified":"2025-01-30T07:12:03","modified_gmt":"2025-01-30T06:12:03","slug":"adix-recebe-o-premio-de-empresa-exportadora-do-ano-no-premios-ao-merito-empresarial-de-castilla-la-mancha-2019","status":"publish","type":"post","link":"https:\/\/www2.adixatex.com\/pt-pt\/adix-recebe-o-premio-de-empresa-exportadora-do-ano-no-premios-ao-merito-empresarial-de-castilla-la-mancha-2019\/","title":{"rendered":"Adix recebe o pr\u00eamio de Empresa Exportadora do Ano no Pr\u00eamios ao M\u00e9rito Empresarial de Castilla-La Mancha 2019"},"content":{"rendered":"<p><strong>Nesta quarta-feira, 11 de dezembro, a Adix Engenharia foi premiada como &#8216;Empresa Exportadora do Ano&#8217; na IV Edi\u00e7\u00e3o dos Pr\u00eamios MEEM de Castilla-La Mancha.\u00a0<\/strong><\/p>\n<p><!--more--><\/p>\n<p>A entrega ocorreu em Los Y\u00e9benes (Toledo), onde o gerente da Adix, Ignacio Garrido, recebeu o reconhecimento das m\u00e3os de Emiliano Garc\u00eda-Page, presidente de Castilla-La Mancha.<\/p>\n<p>Durante o evento, Garrido falou em nome de todos os premiados e agradeceu o esfor\u00e7o e o apoio das institui\u00e7\u00f5es. Em sua interven\u00e7\u00e3o, fez uma men\u00e7\u00e3o especial \u00e0s fam\u00edlias que est\u00e3o por tr\u00e1s das empresas e o importante apoio que elas oferecem no dia a dia. Tamb\u00e9m destacou a import\u00e2ncia de exportar, mencionando que &#8220;n\u00e3o \u00e9 uma quest\u00e3o de gostarmos ou n\u00e3o, \u00e9 que o poder da globaliza\u00e7\u00e3o \u00e9 tal que, ou nos adaptamos, ou somos adaptados&#8221;.<\/p>\n<p>Este pr\u00eamio representa um valioso reconhecimento ao esfor\u00e7o empresarial da Adix e um incentivo para continuar trabalhando, desenvolvendo e melhorando seus equipamentos e servi\u00e7os para os clientes de todo o mundo.<\/p>\n<p><strong>\u00a0<\/strong><\/p>\n\n\t\t<style type=\"text\/css\">\n\t\t\t#gallery-1 {\n\t\t\t\tmargin: auto;\n\t\t\t}\n\t\t\t#gallery-1 .gallery-item {\n\t\t\t\tfloat: left;\n\t\t\t\tmargin-top: 10px;\n\t\t\t\ttext-align: center;\n\t\t\t\twidth: 50%;\n\t\t\t}\n\t\t\t#gallery-1 img {\n\t\t\t\tborder: 2px solid #cfcfcf;\n\t\t\t}\n\t\t\t#gallery-1 .gallery-caption {\n\t\t\t\tmargin-left: 0;\n\t\t\t}\n\t\t\t\/* see gallery_shortcode() in wp-includes\/media.php *\/\n\t\t<\/style>\n\t\t<div id='gallery-1' class='gallery galleryid-15521 gallery-columns-2 gallery-size-thumbnail'><dl class='gallery-item'>\n\t\t\t<dt class='gallery-icon portrait'>\n\t\t\t\t<img decoding=\"async\" width=\"150\" height=\"150\" src=\"https:\/\/www2.adixatex.com\/wp-content\/uploads\/2020\/11\/Skype_Picture_2019_12_13T10_06_49_543Z-e1576844555545-150x150.jpeg\" class=\"attachment-thumbnail size-thumbnail\" alt=\"Emiliano Garc\u00eda-Page, presidente de Castilla-La Mancha, e Ignacio Garrido Ceca, diretor da Adix\" aria-describedby=\"gallery-1-321\" srcset=\"https:\/\/www2.adixatex.com\/wp-content\/uploads\/2020\/11\/Skype_Picture_2019_12_13T10_06_49_543Z-e1576844555545-150x150.jpeg 150w, https:\/\/www2.adixatex.com\/wp-content\/uploads\/2020\/11\/Skype_Picture_2019_12_13T10_06_49_543Z-e1576844555545-scaled-300x300.jpeg 300w, https:\/\/www2.adixatex.com\/wp-content\/uploads\/2020\/11\/Skype_Picture_2019_12_13T10_06_49_543Z-e1576844555545-scaled-100x100.jpeg 100w\" sizes=\"(max-width: 150px) 100vw, 150px\" \/>\n\t\t\t<\/dt>\n\t\t\t\t<dd class='wp-caption-text gallery-caption' id='gallery-1-321'>\n\t\t\t\tEmiliano Garc\u00eda-Page, presidente de Castilla-La Mancha, e Ignacio Garrido Ceca, diretor da Adix\n\t\t\t\t<\/dd><\/dl><dl class='gallery-item'>\n\t\t\t<dt class='gallery-icon portrait'>\n\t\t\t\t<img decoding=\"async\" width=\"150\" height=\"150\" src=\"https:\/\/www2.adixatex.com\/wp-content\/uploads\/2020\/11\/Skype_Picture_2019_12_13T10_06_41_313Z-e1576844537561-150x150.jpeg\" class=\"attachment-thumbnail size-thumbnail\" alt=\"A equipe da Adix junto a Patricia Franco, Conselheira de EEE de CLM\" aria-describedby=\"gallery-1-313\" srcset=\"https:\/\/www2.adixatex.com\/wp-content\/uploads\/2020\/11\/Skype_Picture_2019_12_13T10_06_41_313Z-e1576844537561-150x150.jpeg 150w, https:\/\/www2.adixatex.com\/wp-content\/uploads\/2020\/11\/Skype_Picture_2019_12_13T10_06_41_313Z-e1576844537561-scaled-300x300.jpeg 300w, https:\/\/www2.adixatex.com\/wp-content\/uploads\/2020\/11\/Skype_Picture_2019_12_13T10_06_41_313Z-e1576844537561-scaled-100x100.jpeg 100w\" sizes=\"(max-width: 150px) 100vw, 150px\" \/>\n\t\t\t<\/dt>\n\t\t\t\t<dd class='wp-caption-text gallery-caption' id='gallery-1-313'>\n\t\t\t\tA equipe da Adix junto a Patricia Franco, Conselheira de EEE de CLM\n\t\t\t\t<\/dd><\/dl><br style=\"clear: both\" \/><dl class='gallery-item'>\n\t\t\t<dt class='gallery-icon landscape'>\n\t\t\t\t<img decoding=\"async\" width=\"150\" height=\"150\" src=\"https:\/\/www2.adixatex.com\/wp-content\/uploads\/2020\/11\/49205577077_9b08c5289e_o-150x150.jpg\" class=\"attachment-thumbnail size-thumbnail\" alt=\"A equipe da Adix e Emiliano Garc\u00eda-Page\" aria-describedby=\"gallery-1-305\" srcset=\"https:\/\/www2.adixatex.com\/wp-content\/uploads\/2020\/11\/49205577077_9b08c5289e_o-150x150.jpg 150w, https:\/\/www2.adixatex.com\/wp-content\/uploads\/2020\/11\/49205577077_9b08c5289e_o-scaled-300x300.jpg 300w, https:\/\/www2.adixatex.com\/wp-content\/uploads\/2020\/11\/49205577077_9b08c5289e_o-scaled-100x100.jpg 100w\" sizes=\"(max-width: 150px) 100vw, 150px\" \/>\n\t\t\t<\/dt>\n\t\t\t\t<dd class='wp-caption-text gallery-caption' id='gallery-1-305'>\n\t\t\t\t A equipe da Adix e Emiliano Garc\u00eda-Page\n\t\t\t\t<\/dd><\/dl><dl class='gallery-item'>\n\t\t\t<dt class='gallery-icon landscape'>\n\t\t\t\t<img loading=\"lazy\" decoding=\"async\" width=\"150\" height=\"150\" src=\"https:\/\/www2.adixatex.com\/wp-content\/uploads\/2020\/11\/49205212557_f121a8119c_o-150x150.jpg\" class=\"attachment-thumbnail size-thumbnail\" alt=\"Apresenta\u00e7\u00e3o nos Pr\u00eamios MEEM 2019\" aria-describedby=\"gallery-1-297\" srcset=\"https:\/\/www2.adixatex.com\/wp-content\/uploads\/2020\/11\/49205212557_f121a8119c_o-150x150.jpg 150w, https:\/\/www2.adixatex.com\/wp-content\/uploads\/2020\/11\/49205212557_f121a8119c_o-scaled-300x300.jpg 300w, https:\/\/www2.adixatex.com\/wp-content\/uploads\/2020\/11\/49205212557_f121a8119c_o-scaled-100x100.jpg 100w\" sizes=\"(max-width: 150px) 100vw, 150px\" \/>\n\t\t\t<\/dt>\n\t\t\t\t<dd class='wp-caption-text gallery-caption' id='gallery-1-297'>\n\t\t\t\tApresenta\u00e7\u00e3o nos Pr\u00eamios MEEM 2019\n\t\t\t\t<\/dd><\/dl><br style=\"clear: both\" \/><dl class='gallery-item'>\n\t\t\t<dt class='gallery-icon landscape'>\n\t\t\t\t<img loading=\"lazy\" decoding=\"async\" width=\"150\" height=\"150\" src=\"https:\/\/www2.adixatex.com\/wp-content\/uploads\/2020\/11\/49204512733_9053a6946c_o-150x150.jpg\" class=\"attachment-thumbnail size-thumbnail\" alt=\"Ignacio Garrido nos Pr\u00eamios MEEM 2019\" aria-describedby=\"gallery-1-289\" srcset=\"https:\/\/www2.adixatex.com\/wp-content\/uploads\/2020\/11\/49204512733_9053a6946c_o-150x150.jpg 150w, https:\/\/www2.adixatex.com\/wp-content\/uploads\/2020\/11\/49204512733_9053a6946c_o-scaled-300x300.jpg 300w, https:\/\/www2.adixatex.com\/wp-content\/uploads\/2020\/11\/49204512733_9053a6946c_o-scaled-100x100.jpg 100w\" sizes=\"(max-width: 150px) 100vw, 150px\" \/>\n\t\t\t<\/dt>\n\t\t\t\t<dd class='wp-caption-text gallery-caption' id='gallery-1-289'>\n\t\t\t\tIgnacio Garrido nos Pr\u00eamios MEEM 2019\n\t\t\t\t<\/dd><\/dl>\n\t\t\t<br style='clear: both' \/>\n\t\t<\/div>\n\n<p>&nbsp;<\/p>\n<p><strong>Relacionamento de not\u00edcias:<\/strong><\/p>\n<ul>\n<li><a href=\"http:\/\/www.encastillalamancha.es\">www.encastillalamancha.es<\/a><\/li>\n<li><a href=\"http:\/\/www.europapress.es\">www.europapress.es<\/a><\/li>\n<li><a href=\"http:\/\/www.entomelloso.com\">www.entomelloso.com<\/a><\/li>\n<\/ul>\n","protected":false},"excerpt":{"rendered":"<p>Nesta quarta-feira, 11 de dezembro, a Adix Engenharia foi premiada como &#8216;Empresa Exportadora do Ano&#8217; na IV Edi\u00e7\u00e3o dos Pr\u00eamios MEEM de Castilla-La Mancha.\u00a0<\/p>\n","protected":false},"author":18,"featured_media":505,"comment_status":"open","ping_status":"open","sticky":false,"template":"","format":"standard","meta":{"footnotes":""},"categories":[2279],"tags":[2280],"class_list":["post-15521","post","type-post","status-publish","format-standard","has-post-thumbnail","hentry","category-blog-pt-pt","tag-noticias-da-industria"],"yoast_head":"<!-- This site is optimized with the Yoast SEO plugin v24.4 - https:\/\/yoast.com\/wordpress\/plugins\/seo\/ -->\n<title>Adix recebe o pr\u00eamio de Empresa Exportadora do Ano no Pr\u00eamios ao M\u00e9rito Empresarial de Castilla-La Mancha 2019 - Adixatex<\/title>\n<meta name=\"description\" content=\"Adix Engenharia recebe o pr\u00eamio de Empresa Exportadora nos Pr\u00eamios ao M\u00e9rito Empresarial de Castilla-La Mancha 2019\" \/>\n<meta name=\"robots\" content=\"noindex, follow, max-snippet:-1, max-image-preview:large, max-video-preview:-1\" \/>\n<meta property=\"og:locale\" content=\"pt_PT\" \/>\n<meta property=\"og:type\" content=\"article\" \/>\n<meta property=\"og:title\" content=\"Adix recebe o pr\u00eamio de Empresa Exportadora do Ano no Pr\u00eamios ao M\u00e9rito Empresarial de Castilla-La Mancha 2019 - Adixatex\" \/>\n<meta property=\"og:description\" content=\"Adix Engenharia recebe o pr\u00eamio de Empresa Exportadora nos Pr\u00eamios ao M\u00e9rito Empresarial de Castilla-La Mancha 2019\" \/>\n<meta property=\"og:url\" content=\"https:\/\/www2.adixatex.com\/adix-ingenieria-recibe-el-galardon-a-empresa-exportadora-en-los-premios-al-merito-empresarial-de-castilla-la-mancha-2019\/\" \/>\n<meta property=\"og:site_name\" content=\"Adixatex\" \/>\n<meta property=\"article:published_time\" content=\"2025-01-29T06:28:18+00:00\" \/>\n<meta property=\"article:modified_time\" content=\"2025-01-30T06:12:03+00:00\" \/>\n<meta property=\"og:image\" content=\"https:\/\/www2.adixatex.com\/wp-content\/uploads\/2020\/11\/49204516068_1b2a3aaebe_o-1-scaled.jpg\" \/>\n\t<meta property=\"og:image:width\" content=\"2560\" \/>\n\t<meta property=\"og:image:height\" content=\"1709\" \/>\n\t<meta property=\"og:image:type\" content=\"image\/jpeg\" \/>\n<meta name=\"author\" content=\"Natalia Herv\u00e1s\" \/>\n<meta name=\"twitter:card\" content=\"summary_large_image\" \/>\n<meta name=\"twitter:creator\" content=\"@adixprotection\" \/>\n<meta name=\"twitter:site\" content=\"@adixprotection\" \/>\n<meta name=\"twitter:label1\" content=\"Escrito por\" \/>\n\t<meta name=\"twitter:data1\" content=\"Natalia Herv\u00e1s\" \/>\n\t<meta name=\"twitter:label2\" content=\"Tempo estimado de leitura\" \/>\n\t<meta name=\"twitter:data2\" content=\"1 minuto\" \/>\n<script type=\"application\/ld+json\" class=\"yoast-schema-graph\">{\"@context\":\"https:\/\/schema.org\",\"@graph\":[{\"@type\":\"WebPage\",\"@id\":\"https:\/\/www2.adixatex.com\/adix-ingenieria-recibe-el-galardon-a-empresa-exportadora-en-los-premios-al-merito-empresarial-de-castilla-la-mancha-2019\/\",\"url\":\"https:\/\/www2.adixatex.com\/adix-ingenieria-recibe-el-galardon-a-empresa-exportadora-en-los-premios-al-merito-empresarial-de-castilla-la-mancha-2019\/\",\"name\":\"Adix recebe o pr\u00eamio de Empresa Exportadora do Ano no Pr\u00eamios ao M\u00e9rito Empresarial de Castilla-La Mancha 2019 - Adixatex\",\"isPartOf\":{\"@id\":\"https:\/\/www2.adixatex.com\/#website\"},\"primaryImageOfPage\":{\"@id\":\"https:\/\/www2.adixatex.com\/adix-ingenieria-recibe-el-galardon-a-empresa-exportadora-en-los-premios-al-merito-empresarial-de-castilla-la-mancha-2019\/#primaryimage\"},\"image\":{\"@id\":\"https:\/\/www2.adixatex.com\/adix-ingenieria-recibe-el-galardon-a-empresa-exportadora-en-los-premios-al-merito-empresarial-de-castilla-la-mancha-2019\/#primaryimage\"},\"thumbnailUrl\":\"https:\/\/www2.adixatex.com\/wp-content\/uploads\/2020\/11\/49204516068_1b2a3aaebe_o-1-scaled.jpg\",\"datePublished\":\"2025-01-29T06:28:18+00:00\",\"dateModified\":\"2025-01-30T06:12:03+00:00\",\"author\":{\"@id\":\"https:\/\/www2.adixatex.com\/#\/schema\/person\/0eae078a461bebc9bb298462de95d637\"},\"description\":\"Adix Engenharia recebe o pr\u00eamio de Empresa Exportadora nos Pr\u00eamios ao M\u00e9rito Empresarial de Castilla-La Mancha 2019\",\"breadcrumb\":{\"@id\":\"https:\/\/www2.adixatex.com\/adix-ingenieria-recibe-el-galardon-a-empresa-exportadora-en-los-premios-al-merito-empresarial-de-castilla-la-mancha-2019\/#breadcrumb\"},\"inLanguage\":\"pt-PT\",\"potentialAction\":[{\"@type\":\"ReadAction\",\"target\":[\"https:\/\/www2.adixatex.com\/adix-ingenieria-recibe-el-galardon-a-empresa-exportadora-en-los-premios-al-merito-empresarial-de-castilla-la-mancha-2019\/\"]}]},{\"@type\":\"ImageObject\",\"inLanguage\":\"pt-PT\",\"@id\":\"https:\/\/www2.adixatex.com\/adix-ingenieria-recibe-el-galardon-a-empresa-exportadora-en-los-premios-al-merito-empresarial-de-castilla-la-mancha-2019\/#primaryimage\",\"url\":\"https:\/\/www2.adixatex.com\/wp-content\/uploads\/2020\/11\/49204516068_1b2a3aaebe_o-1-scaled.jpg\",\"contentUrl\":\"https:\/\/www2.adixatex.com\/wp-content\/uploads\/2020\/11\/49204516068_1b2a3aaebe_o-1-scaled.jpg\",\"width\":2560,\"height\":1709,\"caption\":\"Pr\u00eamio M\u00e9rito Empresarial 2019\"},{\"@type\":\"BreadcrumbList\",\"@id\":\"https:\/\/www2.adixatex.com\/adix-ingenieria-recibe-el-galardon-a-empresa-exportadora-en-los-premios-al-merito-empresarial-de-castilla-la-mancha-2019\/#breadcrumb\",\"itemListElement\":[{\"@type\":\"ListItem\",\"position\":1,\"name\":\"In\u00edcio\",\"item\":\"https:\/\/www2.adixatex.com\/\"},{\"@type\":\"ListItem\",\"position\":2,\"name\":\"Adix recebe o pr\u00eamio de Empresa Exportadora do Ano no Pr\u00eamios ao M\u00e9rito Empresarial de Castilla-La Mancha 2019\"}]},{\"@type\":\"WebSite\",\"@id\":\"https:\/\/www2.adixatex.com\/#website\",\"url\":\"https:\/\/www2.adixatex.com\/\",\"name\":\"Adixatex\",\"description\":\"Prevenci\u00f3n y protecci\u00f3n de atm\u00f3sferas explosivas\",\"inLanguage\":\"pt-PT\"},{\"@type\":\"Person\",\"@id\":\"https:\/\/www2.adixatex.com\/#\/schema\/person\/0eae078a461bebc9bb298462de95d637\",\"name\":\"Natalia Herv\u00e1s\",\"image\":{\"@type\":\"ImageObject\",\"inLanguage\":\"pt-PT\",\"@id\":\"https:\/\/www2.adixatex.com\/#\/schema\/person\/image\/\",\"url\":\"https:\/\/secure.gravatar.com\/avatar\/6f01c4e7b3efca647d45e75d2bed9993?s=96&d=mm&r=g\",\"contentUrl\":\"https:\/\/secure.gravatar.com\/avatar\/6f01c4e7b3efca647d45e75d2bed9993?s=96&d=mm&r=g\",\"caption\":\"Natalia Herv\u00e1s\"},\"url\":\"https:\/\/www2.adixatex.com\/pt-pt\/author\/natalia-hervas\/\"}]}<\/script>\n<!-- \/ Yoast SEO plugin. -->","yoast_head_json":{"title":"Adix recebe o pr\u00eamio de Empresa Exportadora do Ano no Pr\u00eamios ao M\u00e9rito Empresarial de Castilla-La Mancha 2019 - Adixatex","description":"Adix Engenharia recebe o pr\u00eamio de Empresa Exportadora nos Pr\u00eamios ao M\u00e9rito Empresarial de Castilla-La Mancha 2019","robots":{"index":"noindex","follow":"follow","max-snippet":"max-snippet:-1","max-image-preview":"max-image-preview:large","max-video-preview":"max-video-preview:-1"},"og_locale":"pt_PT","og_type":"article","og_title":"Adix recebe o pr\u00eamio de Empresa Exportadora do Ano no Pr\u00eamios ao M\u00e9rito Empresarial de Castilla-La Mancha 2019 - Adixatex","og_description":"Adix Engenharia recebe o pr\u00eamio de Empresa Exportadora nos Pr\u00eamios ao M\u00e9rito Empresarial de Castilla-La Mancha 2019","og_url":"https:\/\/www2.adixatex.com\/adix-ingenieria-recibe-el-galardon-a-empresa-exportadora-en-los-premios-al-merito-empresarial-de-castilla-la-mancha-2019\/","og_site_name":"Adixatex","article_published_time":"2025-01-29T06:28:18+00:00","article_modified_time":"2025-01-30T06:12:03+00:00","og_image":[{"width":2560,"height":1709,"url":"https:\/\/www2.adixatex.com\/wp-content\/uploads\/2020\/11\/49204516068_1b2a3aaebe_o-1-scaled.jpg","type":"image\/jpeg"}],"author":"Natalia Herv\u00e1s","twitter_card":"summary_large_image","twitter_creator":"@adixprotection","twitter_site":"@adixprotection","twitter_misc":{"Escrito por":"Natalia Herv\u00e1s","Tempo estimado de leitura":"1 minuto"},"schema":{"@context":"https:\/\/schema.org","@graph":[{"@type":"WebPage","@id":"https:\/\/www2.adixatex.com\/adix-ingenieria-recibe-el-galardon-a-empresa-exportadora-en-los-premios-al-merito-empresarial-de-castilla-la-mancha-2019\/","url":"https:\/\/www2.adixatex.com\/adix-ingenieria-recibe-el-galardon-a-empresa-exportadora-en-los-premios-al-merito-empresarial-de-castilla-la-mancha-2019\/","name":"Adix recebe o pr\u00eamio de Empresa Exportadora do Ano no Pr\u00eamios ao M\u00e9rito Empresarial de Castilla-La Mancha 2019 - Adixatex","isPartOf":{"@id":"https:\/\/www2.adixatex.com\/#website"},"primaryImageOfPage":{"@id":"https:\/\/www2.adixatex.com\/adix-ingenieria-recibe-el-galardon-a-empresa-exportadora-en-los-premios-al-merito-empresarial-de-castilla-la-mancha-2019\/#primaryimage"},"image":{"@id":"https:\/\/www2.adixatex.com\/adix-ingenieria-recibe-el-galardon-a-empresa-exportadora-en-los-premios-al-merito-empresarial-de-castilla-la-mancha-2019\/#primaryimage"},"thumbnailUrl":"https:\/\/www2.adixatex.com\/wp-content\/uploads\/2020\/11\/49204516068_1b2a3aaebe_o-1-scaled.jpg","datePublished":"2025-01-29T06:28:18+00:00","dateModified":"2025-01-30T06:12:03+00:00","author":{"@id":"https:\/\/www2.adixatex.com\/#\/schema\/person\/0eae078a461bebc9bb298462de95d637"},"description":"Adix Engenharia recebe o pr\u00eamio de Empresa Exportadora nos Pr\u00eamios ao M\u00e9rito Empresarial de Castilla-La Mancha 2019","breadcrumb":{"@id":"https:\/\/www2.adixatex.com\/adix-ingenieria-recibe-el-galardon-a-empresa-exportadora-en-los-premios-al-merito-empresarial-de-castilla-la-mancha-2019\/#breadcrumb"},"inLanguage":"pt-PT","potentialAction":[{"@type":"ReadAction","target":["https:\/\/www2.adixatex.com\/adix-ingenieria-recibe-el-galardon-a-empresa-exportadora-en-los-premios-al-merito-empresarial-de-castilla-la-mancha-2019\/"]}]},{"@type":"ImageObject","inLanguage":"pt-PT","@id":"https:\/\/www2.adixatex.com\/adix-ingenieria-recibe-el-galardon-a-empresa-exportadora-en-los-premios-al-merito-empresarial-de-castilla-la-mancha-2019\/#primaryimage","url":"https:\/\/www2.adixatex.com\/wp-content\/uploads\/2020\/11\/49204516068_1b2a3aaebe_o-1-scaled.jpg","contentUrl":"https:\/\/www2.adixatex.com\/wp-content\/uploads\/2020\/11\/49204516068_1b2a3aaebe_o-1-scaled.jpg","width":2560,"height":1709,"caption":"Pr\u00eamio M\u00e9rito Empresarial 2019"},{"@type":"BreadcrumbList","@id":"https:\/\/www2.adixatex.com\/adix-ingenieria-recibe-el-galardon-a-empresa-exportadora-en-los-premios-al-merito-empresarial-de-castilla-la-mancha-2019\/#breadcrumb","itemListElement":[{"@type":"ListItem","position":1,"name":"In\u00edcio","item":"https:\/\/www2.adixatex.com\/"},{"@type":"ListItem","position":2,"name":"Adix recebe o pr\u00eamio de Empresa Exportadora do Ano no Pr\u00eamios ao M\u00e9rito Empresarial de Castilla-La Mancha 2019"}]},{"@type":"WebSite","@id":"https:\/\/www2.adixatex.com\/#website","url":"https:\/\/www2.adixatex.com\/","name":"Adixatex","description":"Prevenci\u00f3n y protecci\u00f3n de atm\u00f3sferas explosivas","inLanguage":"pt-PT"},{"@type":"Person","@id":"https:\/\/www2.adixatex.com\/#\/schema\/person\/0eae078a461bebc9bb298462de95d637","name":"Natalia Herv\u00e1s","image":{"@type":"ImageObject","inLanguage":"pt-PT","@id":"https:\/\/www2.adixatex.com\/#\/schema\/person\/image\/","url":"https:\/\/secure.gravatar.com\/avatar\/6f01c4e7b3efca647d45e75d2bed9993?s=96&d=mm&r=g","contentUrl":"https:\/\/secure.gravatar.com\/avatar\/6f01c4e7b3efca647d45e75d2bed9993?s=96&d=mm&r=g","caption":"Natalia Herv\u00e1s"},"url":"https:\/\/www2.adixatex.com\/pt-pt\/author\/natalia-hervas\/"}]}},"_links":{"self":[{"href":"https:\/\/www2.adixatex.com\/pt-pt\/wp-json\/wp\/v2\/posts\/15521","targetHints":{"allow":["GET"]}}],"collection":[{"href":"https:\/\/www2.adixatex.com\/pt-pt\/wp-json\/wp\/v2\/posts"}],"about":[{"href":"https:\/\/www2.adixatex.com\/pt-pt\/wp-json\/wp\/v2\/types\/post"}],"author":[{"embeddable":true,"href":"https:\/\/www2.adixatex.com\/pt-pt\/wp-json\/wp\/v2\/users\/18"}],"replies":[{"embeddable":true,"href":"https:\/\/www2.adixatex.com\/pt-pt\/wp-json\/wp\/v2\/comments?post=15521"}],"version-history":[{"count":1,"href":"https:\/\/www2.adixatex.com\/pt-pt\/wp-json\/wp\/v2\/posts\/15521\/revisions"}],"predecessor-version":[{"id":15584,"href":"https:\/\/www2.adixatex.com\/pt-pt\/wp-json\/wp\/v2\/posts\/15521\/revisions\/15584"}],"wp:featuredmedia":[{"embeddable":true,"href":"https:\/\/www2.adixatex.com\/pt-pt\/wp-json\/wp\/v2\/media\/505"}],"wp:attachment":[{"href":"https:\/\/www2.adixatex.com\/pt-pt\/wp-json\/wp\/v2\/media?parent=15521"}],"wp:term":[{"taxonomy":"category","embeddable":true,"href":"https:\/\/www2.adixatex.com\/pt-pt\/wp-json\/wp\/v2\/categories?post=15521"},{"taxonomy":"post_tag","embeddable":true,"href":"https:\/\/www2.adixatex.com\/pt-pt\/wp-json\/wp\/v2\/tags?post=15521"}],"curies":[{"name":"wp","href":"https:\/\/api.w.org\/{rel}","templated":true}]}}