{"id":15533,"date":"2025-01-29T09:06:17","date_gmt":"2025-01-29T08:06:17","guid":{"rendered":"https:\/\/adixatex.com\/adix-na-feira-solids-2024-em-dortmund-alemanha\/"},"modified":"2025-01-30T07:18:09","modified_gmt":"2025-01-30T06:18:09","slug":"adix-na-feira-solids-2024-em-dortmund-alemanha","status":"publish","type":"post","link":"https:\/\/www2.adixatex.com\/pt-pt\/adix-na-feira-solids-2024-em-dortmund-alemanha\/","title":{"rendered":"Adix na Feira SOLIDS 2024 em Dortmund, Alemanha"},"content":{"rendered":"<p>A Adix Engenharia voltou a marcar presen\u00e7a em 2024 na Feira <a href=\"https:\/\/www.solids-recycling-technik.de\/en\/\" target=\"_blank\" rel=\"noopener\">SOLIDS<\/a>, realizada de 9 a 10 de outubro em Dortmund, Alemanha. A feira se consolidou como um dos principais eventos europeus de encontro de fabricantes e especialistas em tecnologias de p\u00f3 e s\u00f3lidos a granel.<\/p>\n<p>Este evento recebeu expositores nacionais e internacionais especializados no processamento eficiente de materiais; otimiza\u00e7\u00e3o do transporte de granulados; tecnologias de reciclagem e gest\u00e3o de res\u00edduos; e automa\u00e7\u00e3o industrial. O evento deste ano contou com demonstra\u00e7\u00f5es ao vivo, networking entre empresas e visitantes, \u00e1rea dedicada a startups, cerim\u00f4nia de premia\u00e7\u00e3o e muito mais.<\/p>\n<p>Com mais de 20 anos de experi\u00eancia em solu\u00e7\u00f5es 360\u00ba de <a href=\"https:\/\/adixatex.com\/pt-pt\/categoria-produto\/prevencao-de-explosoes\/\" target=\"_blank\" rel=\"noopener\">preven\u00e7\u00e3o<\/a> e <a href=\"https:\/\/adixatex.com\/pt-pt\/categoria-produto\/proteccao-contra-explosoes\/\" target=\"_blank\" rel=\"noopener\">prote\u00e7\u00e3o<\/a> contra explos\u00f5es, a Adix apresentou seus produtos e ofereceu seus servi\u00e7os integrados de <a href=\"https:\/\/adixatex.com\/pt-pt\/consultoria\/\" target=\"_blank\" rel=\"noopener\">consultoria<\/a> e <a href=\"https:\/\/adixatex.com\/pt-pt\/formacion\/\" target=\"_blank\" rel=\"noopener\">treinamento<\/a> ATEX.<\/p>\n<p><img fetchpriority=\"high\" decoding=\"async\" class=\"wp-image-14523 size-full aligncenter\" title=\"Adix en Feria Solids Dortmund 2024\" src=\"https:\/\/adixatex.com\/wp-content\/uploads\/2024\/11\/adix_feria-solids.png\" alt=\"Adix en Feria Solids Dortmund 2024\" width=\"707\" height=\"530\" srcset=\"https:\/\/www2.adixatex.com\/wp-content\/uploads\/2024\/11\/adix_feria-solids.png 707w, https:\/\/www2.adixatex.com\/wp-content\/uploads\/2024\/11\/adix_feria-solids-300x225.png 300w, https:\/\/www2.adixatex.com\/wp-content\/uploads\/2024\/11\/adix_feria-solids-600x450.png 600w\" sizes=\"(max-width: 707px) 100vw, 707px\" \/><\/p>\n","protected":false},"excerpt":{"rendered":"<p>A Adix Engenharia voltou a marcar presen\u00e7a em 2024 na Feira SOLIDS, realizada de 9 a 10 de outubro em Dortmund, Alemanha. A feira se consolidou como um dos principais eventos europeus de encontro de fabricantes e especialistas em tecnologias de p\u00f3 e s\u00f3lidos a granel. Este evento recebeu expositores nacionais e internacionais especializados no [&hellip;]<\/p>\n","protected":false},"author":18,"featured_media":14523,"comment_status":"open","ping_status":"open","sticky":false,"template":"","format":"standard","meta":{"footnotes":""},"categories":[2279],"tags":[2280],"class_list":["post-15533","post","type-post","status-publish","format-standard","has-post-thumbnail","hentry","category-blog-pt-pt","tag-noticias-da-industria"],"yoast_head":"<!-- This site is optimized with the Yoast SEO plugin v24.4 - https:\/\/yoast.com\/wordpress\/plugins\/seo\/ -->\n<title>Adix na Feira SOLIDS 2024 em Dortmund, Alemanha - Adixatex<\/title>\n<meta name=\"description\" content=\"Adix Ingenier\u00eda na Feira SOLIDS 2024 em Dortmund, Alemanha\" \/>\n<meta name=\"robots\" content=\"noindex, follow, max-snippet:-1, max-image-preview:large, max-video-preview:-1\" \/>\n<meta property=\"og:locale\" content=\"pt_PT\" \/>\n<meta property=\"og:type\" content=\"article\" \/>\n<meta property=\"og:title\" content=\"Adix Ingenier\u00eda na Feira SOLIDS 2024 em Dortmund, Alemanha\" \/>\n<meta property=\"og:description\" content=\"Adix Ingenier\u00eda na Feira SOLIDS 2024 em Dortmund, Alemanha\" \/>\n<meta property=\"og:url\" content=\"https:\/\/www2.adixatex.com\/feria-solids-dortmund-alemania-adixatex\/\" \/>\n<meta property=\"og:site_name\" content=\"Adixatex\" \/>\n<meta property=\"article:published_time\" content=\"2025-01-29T08:06:17+00:00\" \/>\n<meta property=\"article:modified_time\" content=\"2025-01-30T06:18:09+00:00\" \/>\n<meta property=\"og:image\" content=\"https:\/\/www2.adixatex.com\/wp-content\/uploads\/2024\/11\/adix_feria-solids.png\" \/>\n\t<meta property=\"og:image:width\" content=\"707\" \/>\n\t<meta property=\"og:image:height\" content=\"530\" \/>\n\t<meta property=\"og:image:type\" content=\"image\/png\" \/>\n<meta name=\"author\" content=\"Natalia Herv\u00e1s\" \/>\n<meta name=\"twitter:card\" content=\"summary_large_image\" \/>\n<meta name=\"twitter:title\" content=\"Adix Ingenier\u00eda na Feira SOLIDS 2024 em Dortmund, Alemanha\" \/>\n<meta name=\"twitter:description\" content=\"Adix Ingenier\u00eda na Feira SOLIDS 2024 em Dortmund, Alemanha\" \/>\n<meta name=\"twitter:creator\" content=\"@adixprotection\" \/>\n<meta name=\"twitter:site\" content=\"@adixprotection\" \/>\n<meta name=\"twitter:label1\" content=\"Escrito por\" \/>\n\t<meta name=\"twitter:data1\" content=\"Natalia Herv\u00e1s\" \/>\n\t<meta name=\"twitter:label2\" content=\"Tempo estimado de leitura\" \/>\n\t<meta name=\"twitter:data2\" content=\"1 minuto\" \/>\n<script type=\"application\/ld+json\" class=\"yoast-schema-graph\">{\"@context\":\"https:\/\/schema.org\",\"@graph\":[{\"@type\":\"WebPage\",\"@id\":\"https:\/\/www2.adixatex.com\/feria-solids-dortmund-alemania-adixatex\/\",\"url\":\"https:\/\/www2.adixatex.com\/feria-solids-dortmund-alemania-adixatex\/\",\"name\":\"Adix na Feira SOLIDS 2024 em Dortmund, Alemanha - Adixatex\",\"isPartOf\":{\"@id\":\"https:\/\/www2.adixatex.com\/#website\"},\"primaryImageOfPage\":{\"@id\":\"https:\/\/www2.adixatex.com\/feria-solids-dortmund-alemania-adixatex\/#primaryimage\"},\"image\":{\"@id\":\"https:\/\/www2.adixatex.com\/feria-solids-dortmund-alemania-adixatex\/#primaryimage\"},\"thumbnailUrl\":\"https:\/\/www2.adixatex.com\/wp-content\/uploads\/2024\/11\/adix_feria-solids.png\",\"datePublished\":\"2025-01-29T08:06:17+00:00\",\"dateModified\":\"2025-01-30T06:18:09+00:00\",\"author\":{\"@id\":\"https:\/\/www2.adixatex.com\/#\/schema\/person\/0eae078a461bebc9bb298462de95d637\"},\"description\":\"Adix Ingenier\u00eda na Feira SOLIDS 2024 em Dortmund, Alemanha\",\"breadcrumb\":{\"@id\":\"https:\/\/www2.adixatex.com\/feria-solids-dortmund-alemania-adixatex\/#breadcrumb\"},\"inLanguage\":\"pt-PT\",\"potentialAction\":[{\"@type\":\"ReadAction\",\"target\":[\"https:\/\/www2.adixatex.com\/feria-solids-dortmund-alemania-adixatex\/\"]}]},{\"@type\":\"ImageObject\",\"inLanguage\":\"pt-PT\",\"@id\":\"https:\/\/www2.adixatex.com\/feria-solids-dortmund-alemania-adixatex\/#primaryimage\",\"url\":\"https:\/\/www2.adixatex.com\/wp-content\/uploads\/2024\/11\/adix_feria-solids.png\",\"contentUrl\":\"https:\/\/www2.adixatex.com\/wp-content\/uploads\/2024\/11\/adix_feria-solids.png\",\"width\":707,\"height\":530},{\"@type\":\"BreadcrumbList\",\"@id\":\"https:\/\/www2.adixatex.com\/feria-solids-dortmund-alemania-adixatex\/#breadcrumb\",\"itemListElement\":[{\"@type\":\"ListItem\",\"position\":1,\"name\":\"In\u00edcio\",\"item\":\"https:\/\/www2.adixatex.com\/\"},{\"@type\":\"ListItem\",\"position\":2,\"name\":\"Adix na Feira SOLIDS 2024 em Dortmund, Alemanha\"}]},{\"@type\":\"WebSite\",\"@id\":\"https:\/\/www2.adixatex.com\/#website\",\"url\":\"https:\/\/www2.adixatex.com\/\",\"name\":\"Adixatex\",\"description\":\"Prevenci\u00f3n y protecci\u00f3n de atm\u00f3sferas explosivas\",\"inLanguage\":\"pt-PT\"},{\"@type\":\"Person\",\"@id\":\"https:\/\/www2.adixatex.com\/#\/schema\/person\/0eae078a461bebc9bb298462de95d637\",\"name\":\"Natalia Herv\u00e1s\",\"image\":{\"@type\":\"ImageObject\",\"inLanguage\":\"pt-PT\",\"@id\":\"https:\/\/www2.adixatex.com\/#\/schema\/person\/image\/\",\"url\":\"https:\/\/secure.gravatar.com\/avatar\/6f01c4e7b3efca647d45e75d2bed9993?s=96&d=mm&r=g\",\"contentUrl\":\"https:\/\/secure.gravatar.com\/avatar\/6f01c4e7b3efca647d45e75d2bed9993?s=96&d=mm&r=g\",\"caption\":\"Natalia Herv\u00e1s\"},\"url\":\"https:\/\/www2.adixatex.com\/pt-pt\/author\/natalia-hervas\/\"}]}<\/script>\n<!-- \/ Yoast SEO plugin. -->","yoast_head_json":{"title":"Adix na Feira SOLIDS 2024 em Dortmund, Alemanha - Adixatex","description":"Adix Ingenier\u00eda na Feira SOLIDS 2024 em Dortmund, Alemanha","robots":{"index":"noindex","follow":"follow","max-snippet":"max-snippet:-1","max-image-preview":"max-image-preview:large","max-video-preview":"max-video-preview:-1"},"og_locale":"pt_PT","og_type":"article","og_title":"Adix Ingenier\u00eda na Feira SOLIDS 2024 em Dortmund, Alemanha","og_description":"Adix Ingenier\u00eda na Feira SOLIDS 2024 em Dortmund, Alemanha","og_url":"https:\/\/www2.adixatex.com\/feria-solids-dortmund-alemania-adixatex\/","og_site_name":"Adixatex","article_published_time":"2025-01-29T08:06:17+00:00","article_modified_time":"2025-01-30T06:18:09+00:00","og_image":[{"width":707,"height":530,"url":"https:\/\/www2.adixatex.com\/wp-content\/uploads\/2024\/11\/adix_feria-solids.png","type":"image\/png"}],"author":"Natalia Herv\u00e1s","twitter_card":"summary_large_image","twitter_title":"Adix Ingenier\u00eda na Feira SOLIDS 2024 em Dortmund, Alemanha","twitter_description":"Adix Ingenier\u00eda na Feira SOLIDS 2024 em Dortmund, Alemanha","twitter_creator":"@adixprotection","twitter_site":"@adixprotection","twitter_misc":{"Escrito por":"Natalia Herv\u00e1s","Tempo estimado de leitura":"1 minuto"},"schema":{"@context":"https:\/\/schema.org","@graph":[{"@type":"WebPage","@id":"https:\/\/www2.adixatex.com\/feria-solids-dortmund-alemania-adixatex\/","url":"https:\/\/www2.adixatex.com\/feria-solids-dortmund-alemania-adixatex\/","name":"Adix na Feira SOLIDS 2024 em Dortmund, Alemanha - Adixatex","isPartOf":{"@id":"https:\/\/www2.adixatex.com\/#website"},"primaryImageOfPage":{"@id":"https:\/\/www2.adixatex.com\/feria-solids-dortmund-alemania-adixatex\/#primaryimage"},"image":{"@id":"https:\/\/www2.adixatex.com\/feria-solids-dortmund-alemania-adixatex\/#primaryimage"},"thumbnailUrl":"https:\/\/www2.adixatex.com\/wp-content\/uploads\/2024\/11\/adix_feria-solids.png","datePublished":"2025-01-29T08:06:17+00:00","dateModified":"2025-01-30T06:18:09+00:00","author":{"@id":"https:\/\/www2.adixatex.com\/#\/schema\/person\/0eae078a461bebc9bb298462de95d637"},"description":"Adix Ingenier\u00eda na Feira SOLIDS 2024 em Dortmund, Alemanha","breadcrumb":{"@id":"https:\/\/www2.adixatex.com\/feria-solids-dortmund-alemania-adixatex\/#breadcrumb"},"inLanguage":"pt-PT","potentialAction":[{"@type":"ReadAction","target":["https:\/\/www2.adixatex.com\/feria-solids-dortmund-alemania-adixatex\/"]}]},{"@type":"ImageObject","inLanguage":"pt-PT","@id":"https:\/\/www2.adixatex.com\/feria-solids-dortmund-alemania-adixatex\/#primaryimage","url":"https:\/\/www2.adixatex.com\/wp-content\/uploads\/2024\/11\/adix_feria-solids.png","contentUrl":"https:\/\/www2.adixatex.com\/wp-content\/uploads\/2024\/11\/adix_feria-solids.png","width":707,"height":530},{"@type":"BreadcrumbList","@id":"https:\/\/www2.adixatex.com\/feria-solids-dortmund-alemania-adixatex\/#breadcrumb","itemListElement":[{"@type":"ListItem","position":1,"name":"In\u00edcio","item":"https:\/\/www2.adixatex.com\/"},{"@type":"ListItem","position":2,"name":"Adix na Feira SOLIDS 2024 em Dortmund, Alemanha"}]},{"@type":"WebSite","@id":"https:\/\/www2.adixatex.com\/#website","url":"https:\/\/www2.adixatex.com\/","name":"Adixatex","description":"Prevenci\u00f3n y protecci\u00f3n de atm\u00f3sferas explosivas","inLanguage":"pt-PT"},{"@type":"Person","@id":"https:\/\/www2.adixatex.com\/#\/schema\/person\/0eae078a461bebc9bb298462de95d637","name":"Natalia Herv\u00e1s","image":{"@type":"ImageObject","inLanguage":"pt-PT","@id":"https:\/\/www2.adixatex.com\/#\/schema\/person\/image\/","url":"https:\/\/secure.gravatar.com\/avatar\/6f01c4e7b3efca647d45e75d2bed9993?s=96&d=mm&r=g","contentUrl":"https:\/\/secure.gravatar.com\/avatar\/6f01c4e7b3efca647d45e75d2bed9993?s=96&d=mm&r=g","caption":"Natalia Herv\u00e1s"},"url":"https:\/\/www2.adixatex.com\/pt-pt\/author\/natalia-hervas\/"}]}},"_links":{"self":[{"href":"https:\/\/www2.adixatex.com\/pt-pt\/wp-json\/wp\/v2\/posts\/15533","targetHints":{"allow":["GET"]}}],"collection":[{"href":"https:\/\/www2.adixatex.com\/pt-pt\/wp-json\/wp\/v2\/posts"}],"about":[{"href":"https:\/\/www2.adixatex.com\/pt-pt\/wp-json\/wp\/v2\/types\/post"}],"author":[{"embeddable":true,"href":"https:\/\/www2.adixatex.com\/pt-pt\/wp-json\/wp\/v2\/users\/18"}],"replies":[{"embeddable":true,"href":"https:\/\/www2.adixatex.com\/pt-pt\/wp-json\/wp\/v2\/comments?post=15533"}],"version-history":[{"count":1,"href":"https:\/\/www2.adixatex.com\/pt-pt\/wp-json\/wp\/v2\/posts\/15533\/revisions"}],"predecessor-version":[{"id":15591,"href":"https:\/\/www2.adixatex.com\/pt-pt\/wp-json\/wp\/v2\/posts\/15533\/revisions\/15591"}],"wp:featuredmedia":[{"embeddable":true,"href":"https:\/\/www2.adixatex.com\/pt-pt\/wp-json\/wp\/v2\/media\/14523"}],"wp:attachment":[{"href":"https:\/\/www2.adixatex.com\/pt-pt\/wp-json\/wp\/v2\/media?parent=15533"}],"wp:term":[{"taxonomy":"category","embeddable":true,"href":"https:\/\/www2.adixatex.com\/pt-pt\/wp-json\/wp\/v2\/categories?post=15533"},{"taxonomy":"post_tag","embeddable":true,"href":"https:\/\/www2.adixatex.com\/pt-pt\/wp-json\/wp\/v2\/tags?post=15533"}],"curies":[{"name":"wp","href":"https:\/\/api.w.org\/{rel}","templated":true}]}}